{"id":38932,"date":"2026-03-26T09:18:29","date_gmt":"2026-03-26T09:18:29","guid":{"rendered":"https:\/\/sp-berner.com\/?p=38932"},"modified":"2026-03-26T09:34:06","modified_gmt":"2026-03-26T09:34:06","slug":"world-climate-day-circular-commitment-and-corporate-transparency-at-sp-berner","status":"publish","type":"post","link":"https:\/\/sp-berner.com\/en\/post\/world-climate-day-circular-commitment-and-corporate-transparency-at-sp-berner\/","title":{"rendered":"World Climate Day: circular commitment and corporate transparency at Sp-Berner"},"content":{"rendered":"\n<p><\/p>\n\n\n\n<p>26 March marks <strong>World Climate Day<\/strong>, a date that invites us to reflect on the impact of industrial activity on the environment and, above all, to take action. At Sp-Berner, as leaders in plastics processing, we understand that sustainability is not an option, but rather the backbone of our competitiveness and responsibility in the market.<\/p>\n\n\n\n<p>Our approach to mitigating climate change is based on three fundamental pillars: materials science, information transparency and robust corporate governance.<\/p>\n\n\n<h3>1. Innovation in materials. The value of recycled plastic<\/h3>\n\n\n<p>The fight against climate change is intrinsically linked to decarbonisation. At Sp-Berner, we work daily with <strong>polymers such as polypropylene (PP)<\/strong> and polyethylene (PE), but what sets us apart is the origin of these resources.<\/p>\n\n\n\n<p>Thanks to our industrial recycling capacity, we are closing the plastic loop. In the last financial year, 2025, we reached a significant milestone: <strong>46% of the material<\/strong> <strong>used in our products was recycled<\/strong>. This figure not only reinforces our operational efficiency, but also enables our partners and customers to reduce the carbon footprint of their own supply chain by purchasing solutions with high environmental value.<\/p>\n\n\n<div class=\"wp-block-image\">\n<figure class=\"aligncenter size-full\"><img fetchpriority=\"high\" decoding=\"async\" width=\"900\" height=\"223\" src=\"https:\/\/sp-berner.com\/wp-content\/uploads\/2026\/03\/world-climate-day-circular-commitment-and-corporate-transparency-at-sp-berner-1.jpg\" alt=\"World Climate Day: circular commitment and corporate transparency at Sp-Berner 2\" class=\"wp-image-38933\" srcset=\"https:\/\/sp-berner.com\/wp-content\/uploads\/2026\/03\/world-climate-day-circular-commitment-and-corporate-transparency-at-sp-berner-1.jpg 900w, https:\/\/sp-berner.com\/wp-content\/uploads\/2026\/03\/world-climate-day-circular-commitment-and-corporate-transparency-at-sp-berner-1-700x173.jpg 700w, https:\/\/sp-berner.com\/wp-content\/uploads\/2026\/03\/world-climate-day-circular-commitment-and-corporate-transparency-at-sp-berner-1-768x190.jpg 768w\" sizes=\"(max-width: 900px) 100vw, 900px\" \/><\/figure>\n<\/div>\n\n<h3>2. Transparency and performance. Beyond words<\/h3>\n\n\n<p>In a business environment that demands rigour, environmental awareness must be demonstrated with verifiable data. At Sp-Berner, we are committed to maximum transparency through our environmental communication and disclosure tools.<\/p>\n\n\n\n<p>Every year, we publish our <a href=\"https:\/\/sp-berner.com\/en\/transparency\/\" type=\"link\" id=\"https:\/\/sp-berner.com\/transparencia\/\" target=\"_blank\" rel=\"noreferrer noopener\"><strong>Non-Financial Information Statement (EINF)<\/strong><\/a>, which is available on our corporate website. This document provides detailed information on our environmental performance, allowing our stakeholders to objectively assess our progress in reducing emissions and managing resources efficiently. We believe that our customers&#8217; trust is built on the basis of traceability and honesty in our data.<\/p>\n\n\n<h3>3. A commitment sealed by corporate policies<\/h3>\n\n\n<p>Our long-term vision is underpinned by a clear governance structure. Sp-Berner&#8217;s commitment to the environment is embodied in two key instruments:<\/p>\n\n\n\n<ul class=\"wp-block-list\">\n<li><strong>Total quality assurance, food safety and environmental policy<\/strong>: <a href=\"https:\/\/sp-berner.com\/en\/commitment-sustainable-model\/\" type=\"link\" id=\"https:\/\/sp-berner.com\/en\/commitment-sustainable-model\/\" target=\"_blank\" rel=\"noreferrer noopener\">available on our website<\/a>, this policy guarantees that every process complies with the most demanding environmental standards.<\/li>\n\n\n\n<li><strong>Corporate sustainability policy<\/strong>: a further step in our strategic evolution, to be published shortly, reinforcing our roadmap towards neutral and responsible production.<\/li>\n<\/ul>\n\n\n\n<figure class=\"wp-block-embed is-type-video is-provider-youtube wp-block-embed-youtube wp-embed-aspect-16-9 wp-has-aspect-ratio\"><div class=\"wp-block-embed__wrapper\">\n<iframe title=\"Sp-Berner | Recycling Video 2026\" width=\"640\" height=\"360\" src=\"https:\/\/www.youtube.com\/embed\/xjaGEeehXOc?feature=oembed\" frameborder=\"0\" allow=\"accelerometer; autoplay; clipboard-write; encrypted-media; gyroscope; picture-in-picture; web-share\" referrerpolicy=\"strict-origin-when-cross-origin\" allowfullscreen><\/iframe>\n<\/div><\/figure>\n\n\n<h3>Leading the shift towards a sustainable industry<\/h3>\n\n\n<p><strong>On World Climate Day, we reaffirm our mission: to transform plastic to improve people&#8217;s lives and protect the planet<\/strong>. We invite our partners and customers to continue investing in products that not only meet technical excellence, but also contribute to a more sustainable and circular future.<\/p>\n\n\n\n<p class=\"has-text-align-center\"><strong>Together for a better future<\/strong><\/p>\n","protected":false},"excerpt":{"rendered":"<p>26 March marks World Climate Day, a date that invites us to reflect on the impact of industrial activity on the environment and, above all, to take action. At Sp-Berner, as leaders in plastics processing, we understand that sustainability is not an option, but rather the backbone of our competitiveness and responsibility in the market. [&#8230;]<\/p>\n<p><a class=\"btn btn-secondary understrap-read-more-link\" href=\"https:\/\/sp-berner.com\/en\/post\/world-climate-day-circular-commitment-and-corporate-transparency-at-sp-berner\/\">Read More&#8230;<span class=\"screen-reader-text\"> from World Climate Day: circular commitment and corporate transparency at Sp-Berner<\/span><\/a><\/p>\n","protected":false},"author":186,"featured_media":38936,"comment_status":"closed","ping_status":"closed","sticky":false,"template":"","format":"standard","meta":{"_acf_changed":false,"footnotes":""},"categories":[275],"tags":[],"class_list":["post-38932","post","type-post","status-publish","format-standard","has-post-thumbnail","hentry","category-sustainability"],"acf":[],"yoast_head":"<!-- This site is optimized with the Yoast SEO plugin v27.3 - https:\/\/yoast.com\/product\/yoast-seo-wordpress\/ -->\n<title>World Climate Day: circular commitment and corporate transparency at Sp-Berner<\/title>\n<meta name=\"description\" content=\"Sp-Berner celebra el D\u00eda Mundial del Clima mediante la econom\u00eda circular. Compromiso estrat\u00e9gico con la sostenibilidad y la transparencia corporativa\" \/>\n<meta name=\"robots\" content=\"index, follow, max-snippet:-1, max-image-preview:large, max-video-preview:-1\" \/>\n<link rel=\"canonical\" href=\"https:\/\/sp-berner.com\/en\/post\/world-climate-day-circular-commitment-and-corporate-transparency-at-sp-berner\/\" \/>\n<meta property=\"og:locale\" content=\"en_US\" \/>\n<meta property=\"og:type\" content=\"article\" \/>\n<meta property=\"og:title\" content=\"World Climate Day: circular commitment and corporate transparency at Sp-Berner\" \/>\n<meta property=\"og:description\" content=\"Sp-Berner celebra el D\u00eda Mundial del Clima mediante la econom\u00eda circular. Compromiso estrat\u00e9gico con la sostenibilidad y la transparencia corporativa\" \/>\n<meta property=\"og:url\" content=\"https:\/\/sp-berner.com\/en\/post\/world-climate-day-circular-commitment-and-corporate-transparency-at-sp-berner\/\" \/>\n<meta property=\"og:site_name\" content=\"Sp Berner\" \/>\n<meta property=\"article:publisher\" content=\"https:\/\/www.facebook.com\/SpBerner\/\" \/>\n<meta property=\"article:published_time\" content=\"2026-03-26T09:18:29+00:00\" \/>\n<meta property=\"article:modified_time\" content=\"2026-03-26T09:34:06+00:00\" \/>\n<meta property=\"og:image\" content=\"https:\/\/sp-berner.com\/wp-content\/uploads\/2026\/03\/world-climate-day-circular-commitment-and-corporate-transparency-at-sp-berner.jpg\" \/>\n\t<meta property=\"og:image:width\" content=\"900\" \/>\n\t<meta property=\"og:image:height\" content=\"570\" \/>\n\t<meta property=\"og:image:type\" content=\"image\/jpeg\" \/>\n<meta name=\"author\" content=\"laclave\" \/>\n<meta name=\"twitter:card\" content=\"summary_large_image\" \/>\n<meta name=\"twitter:label1\" content=\"Written by\" \/>\n\t<meta name=\"twitter:data1\" content=\"laclave\" \/>\n\t<meta name=\"twitter:label2\" content=\"Est. reading time\" \/>\n\t<meta name=\"twitter:data2\" content=\"3 minutes\" \/>\n<script type=\"application\/ld+json\" class=\"yoast-schema-graph\">{\"@context\":\"https:\\\/\\\/schema.org\",\"@graph\":[{\"@type\":\"Article\",\"@id\":\"https:\\\/\\\/sp-berner.com\\\/en\\\/post\\\/world-climate-day-circular-commitment-and-corporate-transparency-at-sp-berner\\\/#article\",\"isPartOf\":{\"@id\":\"https:\\\/\\\/sp-berner.com\\\/en\\\/post\\\/world-climate-day-circular-commitment-and-corporate-transparency-at-sp-berner\\\/\"},\"author\":{\"name\":\"laclave\",\"@id\":\"https:\\\/\\\/sp-berner.com\\\/en\\\/#\\\/schema\\\/person\\\/d82111c2a2e0d35005db18a9910409a3\"},\"headline\":\"World Climate Day: circular commitment and corporate transparency at Sp-Berner\",\"datePublished\":\"2026-03-26T09:18:29+00:00\",\"dateModified\":\"2026-03-26T09:34:06+00:00\",\"mainEntityOfPage\":{\"@id\":\"https:\\\/\\\/sp-berner.com\\\/en\\\/post\\\/world-climate-day-circular-commitment-and-corporate-transparency-at-sp-berner\\\/\"},\"wordCount\":419,\"publisher\":{\"@id\":\"https:\\\/\\\/sp-berner.com\\\/en\\\/#organization\"},\"image\":{\"@id\":\"https:\\\/\\\/sp-berner.com\\\/en\\\/post\\\/world-climate-day-circular-commitment-and-corporate-transparency-at-sp-berner\\\/#primaryimage\"},\"thumbnailUrl\":\"https:\\\/\\\/sp-berner.com\\\/wp-content\\\/uploads\\\/2026\\\/03\\\/world-climate-day-circular-commitment-and-corporate-transparency-at-sp-berner.jpg\",\"articleSection\":[\"Sustainability\"],\"inLanguage\":\"en-US\"},{\"@type\":\"WebPage\",\"@id\":\"https:\\\/\\\/sp-berner.com\\\/en\\\/post\\\/world-climate-day-circular-commitment-and-corporate-transparency-at-sp-berner\\\/\",\"url\":\"https:\\\/\\\/sp-berner.com\\\/en\\\/post\\\/world-climate-day-circular-commitment-and-corporate-transparency-at-sp-berner\\\/\",\"name\":\"World Climate Day: circular commitment and corporate transparency at Sp-Berner\",\"isPartOf\":{\"@id\":\"https:\\\/\\\/sp-berner.com\\\/en\\\/#website\"},\"primaryImageOfPage\":{\"@id\":\"https:\\\/\\\/sp-berner.com\\\/en\\\/post\\\/world-climate-day-circular-commitment-and-corporate-transparency-at-sp-berner\\\/#primaryimage\"},\"image\":{\"@id\":\"https:\\\/\\\/sp-berner.com\\\/en\\\/post\\\/world-climate-day-circular-commitment-and-corporate-transparency-at-sp-berner\\\/#primaryimage\"},\"thumbnailUrl\":\"https:\\\/\\\/sp-berner.com\\\/wp-content\\\/uploads\\\/2026\\\/03\\\/world-climate-day-circular-commitment-and-corporate-transparency-at-sp-berner.jpg\",\"datePublished\":\"2026-03-26T09:18:29+00:00\",\"dateModified\":\"2026-03-26T09:34:06+00:00\",\"description\":\"Sp-Berner celebra el D\u00eda Mundial del Clima mediante la econom\u00eda circular. Compromiso estrat\u00e9gico con la sostenibilidad y la transparencia corporativa\",\"breadcrumb\":{\"@id\":\"https:\\\/\\\/sp-berner.com\\\/en\\\/post\\\/world-climate-day-circular-commitment-and-corporate-transparency-at-sp-berner\\\/#breadcrumb\"},\"inLanguage\":\"en-US\",\"potentialAction\":[{\"@type\":\"ReadAction\",\"target\":[\"https:\\\/\\\/sp-berner.com\\\/en\\\/post\\\/world-climate-day-circular-commitment-and-corporate-transparency-at-sp-berner\\\/\"]}]},{\"@type\":\"ImageObject\",\"inLanguage\":\"en-US\",\"@id\":\"https:\\\/\\\/sp-berner.com\\\/en\\\/post\\\/world-climate-day-circular-commitment-and-corporate-transparency-at-sp-berner\\\/#primaryimage\",\"url\":\"https:\\\/\\\/sp-berner.com\\\/wp-content\\\/uploads\\\/2026\\\/03\\\/world-climate-day-circular-commitment-and-corporate-transparency-at-sp-berner.jpg\",\"contentUrl\":\"https:\\\/\\\/sp-berner.com\\\/wp-content\\\/uploads\\\/2026\\\/03\\\/world-climate-day-circular-commitment-and-corporate-transparency-at-sp-berner.jpg\",\"width\":900,\"height\":570,\"caption\":\"World Climate Day: circular commitment and corporate transparency at Sp-Berner\"},{\"@type\":\"BreadcrumbList\",\"@id\":\"https:\\\/\\\/sp-berner.com\\\/en\\\/post\\\/world-climate-day-circular-commitment-and-corporate-transparency-at-sp-berner\\\/#breadcrumb\",\"itemListElement\":[{\"@type\":\"ListItem\",\"position\":1,\"name\":\"Inicio\",\"item\":\"https:\\\/\\\/sp-berner.com\\\/en\\\/\"},{\"@type\":\"ListItem\",\"position\":2,\"name\":\"Sustainability\",\"item\":\"https:\\\/\\\/sp-berner.com\\\/en\\\/post\\\/category\\\/sustainability\\\/\"},{\"@type\":\"ListItem\",\"position\":3,\"name\":\"World Climate Day: circular commitment and corporate transparency at Sp-Berner\"}]},{\"@type\":\"WebSite\",\"@id\":\"https:\\\/\\\/sp-berner.com\\\/en\\\/#website\",\"url\":\"https:\\\/\\\/sp-berner.com\\\/en\\\/\",\"name\":\"Sp-Berner\",\"description\":\"Fabricantes l\u00edderes en la inyecci\u00f3n de pl\u00e1stico sostenible\",\"publisher\":{\"@id\":\"https:\\\/\\\/sp-berner.com\\\/en\\\/#organization\"},\"alternateName\":\"Sp Berner\",\"potentialAction\":[{\"@type\":\"SearchAction\",\"target\":{\"@type\":\"EntryPoint\",\"urlTemplate\":\"https:\\\/\\\/sp-berner.com\\\/en\\\/?s={search_term_string}\"},\"query-input\":{\"@type\":\"PropertyValueSpecification\",\"valueRequired\":true,\"valueName\":\"search_term_string\"}}],\"inLanguage\":\"en-US\"},{\"@type\":\"Organization\",\"@id\":\"https:\\\/\\\/sp-berner.com\\\/en\\\/#organization\",\"name\":\"Sp-Berner\",\"url\":\"https:\\\/\\\/sp-berner.com\\\/en\\\/\",\"logo\":{\"@type\":\"ImageObject\",\"inLanguage\":\"en-US\",\"@id\":\"https:\\\/\\\/sp-berner.com\\\/en\\\/#\\\/schema\\\/logo\\\/image\\\/\",\"url\":\"https:\\\/\\\/sp-berner.com\\\/wp-content\\\/uploads\\\/2023\\\/05\\\/sp-berner-color.svg\",\"contentUrl\":\"https:\\\/\\\/sp-berner.com\\\/wp-content\\\/uploads\\\/2023\\\/05\\\/sp-berner-color.svg\",\"width\":344,\"height\":102,\"caption\":\"Sp-Berner\"},\"image\":{\"@id\":\"https:\\\/\\\/sp-berner.com\\\/en\\\/#\\\/schema\\\/logo\\\/image\\\/\"},\"sameAs\":[\"https:\\\/\\\/www.facebook.com\\\/SpBerner\\\/\"]},{\"@type\":\"Person\",\"@id\":\"https:\\\/\\\/sp-berner.com\\\/en\\\/#\\\/schema\\\/person\\\/d82111c2a2e0d35005db18a9910409a3\",\"name\":\"laclave\"}]}<\/script>\n<!-- \/ Yoast SEO plugin. -->","yoast_head_json":{"title":"World Climate Day: circular commitment and corporate transparency at Sp-Berner","description":"Sp-Berner celebra el D\u00eda Mundial del Clima mediante la econom\u00eda circular. Compromiso estrat\u00e9gico con la sostenibilidad y la transparencia corporativa","robots":{"index":"index","follow":"follow","max-snippet":"max-snippet:-1","max-image-preview":"max-image-preview:large","max-video-preview":"max-video-preview:-1"},"canonical":"https:\/\/sp-berner.com\/en\/post\/world-climate-day-circular-commitment-and-corporate-transparency-at-sp-berner\/","og_locale":"en_US","og_type":"article","og_title":"World Climate Day: circular commitment and corporate transparency at Sp-Berner","og_description":"Sp-Berner celebra el D\u00eda Mundial del Clima mediante la econom\u00eda circular. Compromiso estrat\u00e9gico con la sostenibilidad y la transparencia corporativa","og_url":"https:\/\/sp-berner.com\/en\/post\/world-climate-day-circular-commitment-and-corporate-transparency-at-sp-berner\/","og_site_name":"Sp Berner","article_publisher":"https:\/\/www.facebook.com\/SpBerner\/","article_published_time":"2026-03-26T09:18:29+00:00","article_modified_time":"2026-03-26T09:34:06+00:00","og_image":[{"width":900,"height":570,"url":"https:\/\/sp-berner.com\/wp-content\/uploads\/2026\/03\/world-climate-day-circular-commitment-and-corporate-transparency-at-sp-berner.jpg","type":"image\/jpeg"}],"author":"laclave","twitter_card":"summary_large_image","twitter_misc":{"Written by":"laclave","Est. reading time":"3 minutes"},"schema":{"@context":"https:\/\/schema.org","@graph":[{"@type":"Article","@id":"https:\/\/sp-berner.com\/en\/post\/world-climate-day-circular-commitment-and-corporate-transparency-at-sp-berner\/#article","isPartOf":{"@id":"https:\/\/sp-berner.com\/en\/post\/world-climate-day-circular-commitment-and-corporate-transparency-at-sp-berner\/"},"author":{"name":"laclave","@id":"https:\/\/sp-berner.com\/en\/#\/schema\/person\/d82111c2a2e0d35005db18a9910409a3"},"headline":"World Climate Day: circular commitment and corporate transparency at Sp-Berner","datePublished":"2026-03-26T09:18:29+00:00","dateModified":"2026-03-26T09:34:06+00:00","mainEntityOfPage":{"@id":"https:\/\/sp-berner.com\/en\/post\/world-climate-day-circular-commitment-and-corporate-transparency-at-sp-berner\/"},"wordCount":419,"publisher":{"@id":"https:\/\/sp-berner.com\/en\/#organization"},"image":{"@id":"https:\/\/sp-berner.com\/en\/post\/world-climate-day-circular-commitment-and-corporate-transparency-at-sp-berner\/#primaryimage"},"thumbnailUrl":"https:\/\/sp-berner.com\/wp-content\/uploads\/2026\/03\/world-climate-day-circular-commitment-and-corporate-transparency-at-sp-berner.jpg","articleSection":["Sustainability"],"inLanguage":"en-US"},{"@type":"WebPage","@id":"https:\/\/sp-berner.com\/en\/post\/world-climate-day-circular-commitment-and-corporate-transparency-at-sp-berner\/","url":"https:\/\/sp-berner.com\/en\/post\/world-climate-day-circular-commitment-and-corporate-transparency-at-sp-berner\/","name":"World Climate Day: circular commitment and corporate transparency at Sp-Berner","isPartOf":{"@id":"https:\/\/sp-berner.com\/en\/#website"},"primaryImageOfPage":{"@id":"https:\/\/sp-berner.com\/en\/post\/world-climate-day-circular-commitment-and-corporate-transparency-at-sp-berner\/#primaryimage"},"image":{"@id":"https:\/\/sp-berner.com\/en\/post\/world-climate-day-circular-commitment-and-corporate-transparency-at-sp-berner\/#primaryimage"},"thumbnailUrl":"https:\/\/sp-berner.com\/wp-content\/uploads\/2026\/03\/world-climate-day-circular-commitment-and-corporate-transparency-at-sp-berner.jpg","datePublished":"2026-03-26T09:18:29+00:00","dateModified":"2026-03-26T09:34:06+00:00","description":"Sp-Berner celebra el D\u00eda Mundial del Clima mediante la econom\u00eda circular. Compromiso estrat\u00e9gico con la sostenibilidad y la transparencia corporativa","breadcrumb":{"@id":"https:\/\/sp-berner.com\/en\/post\/world-climate-day-circular-commitment-and-corporate-transparency-at-sp-berner\/#breadcrumb"},"inLanguage":"en-US","potentialAction":[{"@type":"ReadAction","target":["https:\/\/sp-berner.com\/en\/post\/world-climate-day-circular-commitment-and-corporate-transparency-at-sp-berner\/"]}]},{"@type":"ImageObject","inLanguage":"en-US","@id":"https:\/\/sp-berner.com\/en\/post\/world-climate-day-circular-commitment-and-corporate-transparency-at-sp-berner\/#primaryimage","url":"https:\/\/sp-berner.com\/wp-content\/uploads\/2026\/03\/world-climate-day-circular-commitment-and-corporate-transparency-at-sp-berner.jpg","contentUrl":"https:\/\/sp-berner.com\/wp-content\/uploads\/2026\/03\/world-climate-day-circular-commitment-and-corporate-transparency-at-sp-berner.jpg","width":900,"height":570,"caption":"World Climate Day: circular commitment and corporate transparency at Sp-Berner"},{"@type":"BreadcrumbList","@id":"https:\/\/sp-berner.com\/en\/post\/world-climate-day-circular-commitment-and-corporate-transparency-at-sp-berner\/#breadcrumb","itemListElement":[{"@type":"ListItem","position":1,"name":"Inicio","item":"https:\/\/sp-berner.com\/en\/"},{"@type":"ListItem","position":2,"name":"Sustainability","item":"https:\/\/sp-berner.com\/en\/post\/category\/sustainability\/"},{"@type":"ListItem","position":3,"name":"World Climate Day: circular commitment and corporate transparency at Sp-Berner"}]},{"@type":"WebSite","@id":"https:\/\/sp-berner.com\/en\/#website","url":"https:\/\/sp-berner.com\/en\/","name":"Sp-Berner","description":"Fabricantes l\u00edderes en la inyecci\u00f3n de pl\u00e1stico sostenible","publisher":{"@id":"https:\/\/sp-berner.com\/en\/#organization"},"alternateName":"Sp Berner","potentialAction":[{"@type":"SearchAction","target":{"@type":"EntryPoint","urlTemplate":"https:\/\/sp-berner.com\/en\/?s={search_term_string}"},"query-input":{"@type":"PropertyValueSpecification","valueRequired":true,"valueName":"search_term_string"}}],"inLanguage":"en-US"},{"@type":"Organization","@id":"https:\/\/sp-berner.com\/en\/#organization","name":"Sp-Berner","url":"https:\/\/sp-berner.com\/en\/","logo":{"@type":"ImageObject","inLanguage":"en-US","@id":"https:\/\/sp-berner.com\/en\/#\/schema\/logo\/image\/","url":"https:\/\/sp-berner.com\/wp-content\/uploads\/2023\/05\/sp-berner-color.svg","contentUrl":"https:\/\/sp-berner.com\/wp-content\/uploads\/2023\/05\/sp-berner-color.svg","width":344,"height":102,"caption":"Sp-Berner"},"image":{"@id":"https:\/\/sp-berner.com\/en\/#\/schema\/logo\/image\/"},"sameAs":["https:\/\/www.facebook.com\/SpBerner\/"]},{"@type":"Person","@id":"https:\/\/sp-berner.com\/en\/#\/schema\/person\/d82111c2a2e0d35005db18a9910409a3","name":"laclave"}]}},"_links":{"self":[{"href":"https:\/\/sp-berner.com\/en\/wp-json\/wp\/v2\/posts\/38932","targetHints":{"allow":["GET"]}}],"collection":[{"href":"https:\/\/sp-berner.com\/en\/wp-json\/wp\/v2\/posts"}],"about":[{"href":"https:\/\/sp-berner.com\/en\/wp-json\/wp\/v2\/types\/post"}],"author":[{"embeddable":true,"href":"https:\/\/sp-berner.com\/en\/wp-json\/wp\/v2\/users\/186"}],"replies":[{"embeddable":true,"href":"https:\/\/sp-berner.com\/en\/wp-json\/wp\/v2\/comments?post=38932"}],"version-history":[{"count":0,"href":"https:\/\/sp-berner.com\/en\/wp-json\/wp\/v2\/posts\/38932\/revisions"}],"wp:featuredmedia":[{"embeddable":true,"href":"https:\/\/sp-berner.com\/en\/wp-json\/wp\/v2\/media\/38936"}],"wp:attachment":[{"href":"https:\/\/sp-berner.com\/en\/wp-json\/wp\/v2\/media?parent=38932"}],"wp:term":[{"taxonomy":"category","embeddable":true,"href":"https:\/\/sp-berner.com\/en\/wp-json\/wp\/v2\/categories?post=38932"},{"taxonomy":"post_tag","embeddable":true,"href":"https:\/\/sp-berner.com\/en\/wp-json\/wp\/v2\/tags?post=38932"}],"curies":[{"name":"wp","href":"https:\/\/api.w.org\/{rel}","templated":true}]}}