{"id":38903,"date":"2026-03-13T08:52:19","date_gmt":"2026-03-13T08:52:19","guid":{"rendered":"https:\/\/sp-berner.com\/?p=38903"},"modified":"2026-03-13T09:49:19","modified_gmt":"2026-03-13T09:49:19","slug":"15-march-responsible-consumption-as-a-strategic-alliance","status":"publish","type":"post","link":"https:\/\/sp-berner.com\/en\/post\/15-march-responsible-consumption-as-a-strategic-alliance\/","title":{"rendered":"15 March: Responsible Consumption as a strategic alliance"},"content":{"rendered":"\n<p><\/p>\n\n\n\n<p><strong>International Responsible Consumption Day<\/strong> is not just an empty celebration; it is the recognition of a paradigm shift. In today&#8217;s market, sustainability is no longer an ethical choice but an <strong>operational requirement<\/strong>. Real progress does not come from isolated efforts, but from a genuine partnership between an industry that innovates and consumers who choose wisely.<\/p>\n\n\n<h3>The Pact: Manufacturing better for meaningful consumption<\/h3>\n\n\n<p>Responsibility is shared. While consumers have the power of choice, manufacturers have an obligation to ensure <strong>traceability and efficiency<\/strong>.<\/p>\n\n\n\n<p>At <strong>Sp-Berner<\/strong>, we have evolved our vision: it is not just about manufacturing less, but about <strong>manufacturing better<\/strong>. This means ensuring that each product has a minimal environmental footprint and, above all, a <strong>maximum useful life<\/strong>. A product that lasts is, by definition, a more responsible product.<\/p>\n\n\n<h3>What defines a responsible consumer today?<\/h3>\n\n\n<p>Being a conscious consumer in 2026 means going beyond price and aesthetic quality. The key is to <strong>shop wisely<\/strong>, evaluating the impact of the product&#8217;s life cycle:<\/p>\n\n\n\n<ol class=\"wp-block-list\">\n<li><strong>Priority Km 0<\/strong>: Reduce your carbon footprint by choosing locally manufactured products, avoiding the environmental cost of transoceanic transport.<\/li>\n\n\n\n<li><strong>The dictatorship of durability<\/strong>: Avoid overconsumption by choosing sustainable materials and designs that stand the test of time.<\/li>\n\n\n\n<li><strong>Culture of circularity<\/strong>: The best waste is no waste. Repairing, reusing and exchanging are actions that restore value to objects.<\/li>\n<\/ol>\n\n\n<h3>Sp-Berner: The industrial response at its Torrent plant<\/h3>\n\n\n<p>For responsible consumption to be possible, the industry must offer real infrastructure. Our commitment is not just a statement of intent, but a physical reality at our recycling <strong>plant in Torrent (Valencia) and our factory in Aldaya (Valencia)<\/strong>:<\/p>\n\n\n\n<ul class=\"wp-block-list\">\n<li><strong>Waste transformation<\/strong>: We process tonnes of post-consumer plastic to produce high-quality pellets. We are not just transformers; we are resource managers.<\/li>\n\n\n\n<li><strong>Shaf, Sp-Berner&#8217;s outdoor furniture brand<\/strong>: This is the direct result of this technology. Garden furniture manufactured using a high percentage of recycled material that maintains the design and durability standards of the premium market.<\/li>\n\n\n\n<li><strong>Industrial sovereignty Km 0<\/strong>: Recycling and manufacturing in the same geographical location eliminates unnecessary logistics and ensures that value remains in our environment.<\/li>\n<\/ul>\n\n\n<h3>The strategic value for the B2B and HORECA sectors<\/h3>\n\n\n<p>This approach is particularly critical for companies that manage promotional furniture or terrace equipment (HORECA sector and MDM brands). An establishment&#8217;s terrace is a <strong>showcase for its values<\/strong>.<\/p>\n\n\n\n<p>Choosing wisely allows brands to:<\/p>\n\n\n\n<ul class=\"wp-block-list\">\n<li><strong>Make your CSR tangible<\/strong>: Move from sustainability reports to a real and consistent physical presence at points of consumption.<\/li>\n\n\n\n<li><strong>Lifecycle guarantee<\/strong>: Offer your customers (families, hotels, bars and restaurants) products that are not only durable, but also 100% recyclable at the end of their useful life.<\/li>\n\n\n\n<li><strong>Competitive leadership<\/strong>: Demonstrate that functional design and profitability can\u2014and should\u2014stem from environmental awareness.<\/li>\n<\/ul>\n\n\n\n<p>Responsible consumption is a pact of trust. At <strong>Sp-Berner<\/strong>, we position ourselves as the strategic partner for those brands and consumers who understand that the market of the future is being built today, with recovered materials and domestic manufacturing.<\/p>\n","protected":false},"excerpt":{"rendered":"<p>International Responsible Consumption Day is not just an empty celebration; it is the recognition of a paradigm shift. In today&#8217;s market, sustainability is no longer an ethical choice but an operational requirement. Real progress does not come from isolated efforts, but from a genuine partnership between an industry that innovates and consumers who choose wisely. [&#8230;]<\/p>\n<p><a class=\"btn btn-secondary understrap-read-more-link\" href=\"https:\/\/sp-berner.com\/en\/post\/15-march-responsible-consumption-as-a-strategic-alliance\/\">Read More&#8230;<span class=\"screen-reader-text\"> from 15 March: Responsible Consumption as a strategic alliance<\/span><\/a><\/p>\n","protected":false},"author":186,"featured_media":38907,"comment_status":"closed","ping_status":"closed","sticky":false,"template":"","format":"standard","meta":{"_acf_changed":false,"footnotes":""},"categories":[275],"tags":[],"class_list":["post-38903","post","type-post","status-publish","format-standard","has-post-thumbnail","hentry","category-sustainability"],"acf":[],"yoast_head":"<!-- This site is optimized with the Yoast SEO plugin v27.3 - https:\/\/yoast.com\/product\/yoast-seo-wordpress\/ -->\n<title>15 March: Responsible Consumption as a strategic alliance<\/title>\n<meta name=\"description\" content=\"Responsible consumption is transforming the industrial and hospitality sectors. Sustainable innovation, zero-mile manufacturing in Valencia, and long-lasting products.\" \/>\n<meta name=\"robots\" content=\"index, follow, max-snippet:-1, max-image-preview:large, max-video-preview:-1\" \/>\n<link rel=\"canonical\" href=\"https:\/\/sp-berner.com\/en\/post\/15-march-responsible-consumption-as-a-strategic-alliance\/\" \/>\n<meta property=\"og:locale\" content=\"en_US\" \/>\n<meta property=\"og:type\" content=\"article\" \/>\n<meta property=\"og:title\" content=\"15 March: Responsible Consumption as a strategic alliance\" \/>\n<meta property=\"og:description\" content=\"Responsible consumption is transforming the industrial and hospitality sectors. Sustainable innovation, zero-mile manufacturing in Valencia, and long-lasting products.\" \/>\n<meta property=\"og:url\" content=\"https:\/\/sp-berner.com\/en\/post\/15-march-responsible-consumption-as-a-strategic-alliance\/\" \/>\n<meta property=\"og:site_name\" content=\"Sp Berner\" \/>\n<meta property=\"article:publisher\" content=\"https:\/\/www.facebook.com\/SpBerner\/\" \/>\n<meta property=\"article:published_time\" content=\"2026-03-13T08:52:19+00:00\" \/>\n<meta property=\"article:modified_time\" content=\"2026-03-13T09:49:19+00:00\" \/>\n<meta property=\"og:image\" content=\"https:\/\/sp-berner.com\/wp-content\/uploads\/2026\/03\/15-march-responsible-consumption-as-a-strategic-alliance-1.jpg\" \/>\n\t<meta property=\"og:image:width\" content=\"900\" \/>\n\t<meta property=\"og:image:height\" content=\"570\" \/>\n\t<meta property=\"og:image:type\" content=\"image\/jpeg\" \/>\n<meta name=\"author\" content=\"laclave\" \/>\n<meta name=\"twitter:card\" content=\"summary_large_image\" \/>\n<meta name=\"twitter:label1\" content=\"Written by\" \/>\n\t<meta name=\"twitter:data1\" content=\"laclave\" \/>\n\t<meta name=\"twitter:label2\" content=\"Est. reading time\" \/>\n\t<meta name=\"twitter:data2\" content=\"3 minutes\" \/>\n<script type=\"application\/ld+json\" class=\"yoast-schema-graph\">{\"@context\":\"https:\\\/\\\/schema.org\",\"@graph\":[{\"@type\":\"Article\",\"@id\":\"https:\\\/\\\/sp-berner.com\\\/en\\\/post\\\/15-march-responsible-consumption-as-a-strategic-alliance\\\/#article\",\"isPartOf\":{\"@id\":\"https:\\\/\\\/sp-berner.com\\\/en\\\/post\\\/15-march-responsible-consumption-as-a-strategic-alliance\\\/\"},\"author\":{\"name\":\"laclave\",\"@id\":\"https:\\\/\\\/sp-berner.com\\\/en\\\/#\\\/schema\\\/person\\\/d82111c2a2e0d35005db18a9910409a3\"},\"headline\":\"15 March: Responsible Consumption as a strategic alliance\",\"datePublished\":\"2026-03-13T08:52:19+00:00\",\"dateModified\":\"2026-03-13T09:49:19+00:00\",\"mainEntityOfPage\":{\"@id\":\"https:\\\/\\\/sp-berner.com\\\/en\\\/post\\\/15-march-responsible-consumption-as-a-strategic-alliance\\\/\"},\"wordCount\":488,\"publisher\":{\"@id\":\"https:\\\/\\\/sp-berner.com\\\/en\\\/#organization\"},\"image\":{\"@id\":\"https:\\\/\\\/sp-berner.com\\\/en\\\/post\\\/15-march-responsible-consumption-as-a-strategic-alliance\\\/#primaryimage\"},\"thumbnailUrl\":\"https:\\\/\\\/sp-berner.com\\\/wp-content\\\/uploads\\\/2026\\\/03\\\/15-march-responsible-consumption-as-a-strategic-alliance-1.jpg\",\"articleSection\":[\"Sustainability\"],\"inLanguage\":\"en-US\"},{\"@type\":\"WebPage\",\"@id\":\"https:\\\/\\\/sp-berner.com\\\/en\\\/post\\\/15-march-responsible-consumption-as-a-strategic-alliance\\\/\",\"url\":\"https:\\\/\\\/sp-berner.com\\\/en\\\/post\\\/15-march-responsible-consumption-as-a-strategic-alliance\\\/\",\"name\":\"15 March: Responsible Consumption as a strategic alliance\",\"isPartOf\":{\"@id\":\"https:\\\/\\\/sp-berner.com\\\/en\\\/#website\"},\"primaryImageOfPage\":{\"@id\":\"https:\\\/\\\/sp-berner.com\\\/en\\\/post\\\/15-march-responsible-consumption-as-a-strategic-alliance\\\/#primaryimage\"},\"image\":{\"@id\":\"https:\\\/\\\/sp-berner.com\\\/en\\\/post\\\/15-march-responsible-consumption-as-a-strategic-alliance\\\/#primaryimage\"},\"thumbnailUrl\":\"https:\\\/\\\/sp-berner.com\\\/wp-content\\\/uploads\\\/2026\\\/03\\\/15-march-responsible-consumption-as-a-strategic-alliance-1.jpg\",\"datePublished\":\"2026-03-13T08:52:19+00:00\",\"dateModified\":\"2026-03-13T09:49:19+00:00\",\"description\":\"Responsible consumption is transforming the industrial and hospitality sectors. Sustainable innovation, zero-mile manufacturing in Valencia, and long-lasting products.\",\"breadcrumb\":{\"@id\":\"https:\\\/\\\/sp-berner.com\\\/en\\\/post\\\/15-march-responsible-consumption-as-a-strategic-alliance\\\/#breadcrumb\"},\"inLanguage\":\"en-US\",\"potentialAction\":[{\"@type\":\"ReadAction\",\"target\":[\"https:\\\/\\\/sp-berner.com\\\/en\\\/post\\\/15-march-responsible-consumption-as-a-strategic-alliance\\\/\"]}]},{\"@type\":\"ImageObject\",\"inLanguage\":\"en-US\",\"@id\":\"https:\\\/\\\/sp-berner.com\\\/en\\\/post\\\/15-march-responsible-consumption-as-a-strategic-alliance\\\/#primaryimage\",\"url\":\"https:\\\/\\\/sp-berner.com\\\/wp-content\\\/uploads\\\/2026\\\/03\\\/15-march-responsible-consumption-as-a-strategic-alliance-1.jpg\",\"contentUrl\":\"https:\\\/\\\/sp-berner.com\\\/wp-content\\\/uploads\\\/2026\\\/03\\\/15-march-responsible-consumption-as-a-strategic-alliance-1.jpg\",\"width\":900,\"height\":570,\"caption\":\"15 March: Responsible Consumption as a strategic alliance\"},{\"@type\":\"BreadcrumbList\",\"@id\":\"https:\\\/\\\/sp-berner.com\\\/en\\\/post\\\/15-march-responsible-consumption-as-a-strategic-alliance\\\/#breadcrumb\",\"itemListElement\":[{\"@type\":\"ListItem\",\"position\":1,\"name\":\"Inicio\",\"item\":\"https:\\\/\\\/sp-berner.com\\\/en\\\/\"},{\"@type\":\"ListItem\",\"position\":2,\"name\":\"Sustainability\",\"item\":\"https:\\\/\\\/sp-berner.com\\\/en\\\/post\\\/category\\\/sustainability\\\/\"},{\"@type\":\"ListItem\",\"position\":3,\"name\":\"15 March: Responsible Consumption as a strategic alliance\"}]},{\"@type\":\"WebSite\",\"@id\":\"https:\\\/\\\/sp-berner.com\\\/en\\\/#website\",\"url\":\"https:\\\/\\\/sp-berner.com\\\/en\\\/\",\"name\":\"Sp-Berner\",\"description\":\"Fabricantes l\u00edderes en la inyecci\u00f3n de pl\u00e1stico sostenible\",\"publisher\":{\"@id\":\"https:\\\/\\\/sp-berner.com\\\/en\\\/#organization\"},\"alternateName\":\"Sp Berner\",\"potentialAction\":[{\"@type\":\"SearchAction\",\"target\":{\"@type\":\"EntryPoint\",\"urlTemplate\":\"https:\\\/\\\/sp-berner.com\\\/en\\\/?s={search_term_string}\"},\"query-input\":{\"@type\":\"PropertyValueSpecification\",\"valueRequired\":true,\"valueName\":\"search_term_string\"}}],\"inLanguage\":\"en-US\"},{\"@type\":\"Organization\",\"@id\":\"https:\\\/\\\/sp-berner.com\\\/en\\\/#organization\",\"name\":\"Sp-Berner\",\"url\":\"https:\\\/\\\/sp-berner.com\\\/en\\\/\",\"logo\":{\"@type\":\"ImageObject\",\"inLanguage\":\"en-US\",\"@id\":\"https:\\\/\\\/sp-berner.com\\\/en\\\/#\\\/schema\\\/logo\\\/image\\\/\",\"url\":\"https:\\\/\\\/sp-berner.com\\\/wp-content\\\/uploads\\\/2023\\\/05\\\/sp-berner-color.svg\",\"contentUrl\":\"https:\\\/\\\/sp-berner.com\\\/wp-content\\\/uploads\\\/2023\\\/05\\\/sp-berner-color.svg\",\"width\":344,\"height\":102,\"caption\":\"Sp-Berner\"},\"image\":{\"@id\":\"https:\\\/\\\/sp-berner.com\\\/en\\\/#\\\/schema\\\/logo\\\/image\\\/\"},\"sameAs\":[\"https:\\\/\\\/www.facebook.com\\\/SpBerner\\\/\"]},{\"@type\":\"Person\",\"@id\":\"https:\\\/\\\/sp-berner.com\\\/en\\\/#\\\/schema\\\/person\\\/d82111c2a2e0d35005db18a9910409a3\",\"name\":\"laclave\"}]}<\/script>\n<!-- \/ Yoast SEO plugin. -->","yoast_head_json":{"title":"15 March: Responsible Consumption as a strategic alliance","description":"Responsible consumption is transforming the industrial and hospitality sectors. Sustainable innovation, zero-mile manufacturing in Valencia, and long-lasting products.","robots":{"index":"index","follow":"follow","max-snippet":"max-snippet:-1","max-image-preview":"max-image-preview:large","max-video-preview":"max-video-preview:-1"},"canonical":"https:\/\/sp-berner.com\/en\/post\/15-march-responsible-consumption-as-a-strategic-alliance\/","og_locale":"en_US","og_type":"article","og_title":"15 March: Responsible Consumption as a strategic alliance","og_description":"Responsible consumption is transforming the industrial and hospitality sectors. Sustainable innovation, zero-mile manufacturing in Valencia, and long-lasting products.","og_url":"https:\/\/sp-berner.com\/en\/post\/15-march-responsible-consumption-as-a-strategic-alliance\/","og_site_name":"Sp Berner","article_publisher":"https:\/\/www.facebook.com\/SpBerner\/","article_published_time":"2026-03-13T08:52:19+00:00","article_modified_time":"2026-03-13T09:49:19+00:00","og_image":[{"width":900,"height":570,"url":"https:\/\/sp-berner.com\/wp-content\/uploads\/2026\/03\/15-march-responsible-consumption-as-a-strategic-alliance-1.jpg","type":"image\/jpeg"}],"author":"laclave","twitter_card":"summary_large_image","twitter_misc":{"Written by":"laclave","Est. reading time":"3 minutes"},"schema":{"@context":"https:\/\/schema.org","@graph":[{"@type":"Article","@id":"https:\/\/sp-berner.com\/en\/post\/15-march-responsible-consumption-as-a-strategic-alliance\/#article","isPartOf":{"@id":"https:\/\/sp-berner.com\/en\/post\/15-march-responsible-consumption-as-a-strategic-alliance\/"},"author":{"name":"laclave","@id":"https:\/\/sp-berner.com\/en\/#\/schema\/person\/d82111c2a2e0d35005db18a9910409a3"},"headline":"15 March: Responsible Consumption as a strategic alliance","datePublished":"2026-03-13T08:52:19+00:00","dateModified":"2026-03-13T09:49:19+00:00","mainEntityOfPage":{"@id":"https:\/\/sp-berner.com\/en\/post\/15-march-responsible-consumption-as-a-strategic-alliance\/"},"wordCount":488,"publisher":{"@id":"https:\/\/sp-berner.com\/en\/#organization"},"image":{"@id":"https:\/\/sp-berner.com\/en\/post\/15-march-responsible-consumption-as-a-strategic-alliance\/#primaryimage"},"thumbnailUrl":"https:\/\/sp-berner.com\/wp-content\/uploads\/2026\/03\/15-march-responsible-consumption-as-a-strategic-alliance-1.jpg","articleSection":["Sustainability"],"inLanguage":"en-US"},{"@type":"WebPage","@id":"https:\/\/sp-berner.com\/en\/post\/15-march-responsible-consumption-as-a-strategic-alliance\/","url":"https:\/\/sp-berner.com\/en\/post\/15-march-responsible-consumption-as-a-strategic-alliance\/","name":"15 March: Responsible Consumption as a strategic alliance","isPartOf":{"@id":"https:\/\/sp-berner.com\/en\/#website"},"primaryImageOfPage":{"@id":"https:\/\/sp-berner.com\/en\/post\/15-march-responsible-consumption-as-a-strategic-alliance\/#primaryimage"},"image":{"@id":"https:\/\/sp-berner.com\/en\/post\/15-march-responsible-consumption-as-a-strategic-alliance\/#primaryimage"},"thumbnailUrl":"https:\/\/sp-berner.com\/wp-content\/uploads\/2026\/03\/15-march-responsible-consumption-as-a-strategic-alliance-1.jpg","datePublished":"2026-03-13T08:52:19+00:00","dateModified":"2026-03-13T09:49:19+00:00","description":"Responsible consumption is transforming the industrial and hospitality sectors. Sustainable innovation, zero-mile manufacturing in Valencia, and long-lasting products.","breadcrumb":{"@id":"https:\/\/sp-berner.com\/en\/post\/15-march-responsible-consumption-as-a-strategic-alliance\/#breadcrumb"},"inLanguage":"en-US","potentialAction":[{"@type":"ReadAction","target":["https:\/\/sp-berner.com\/en\/post\/15-march-responsible-consumption-as-a-strategic-alliance\/"]}]},{"@type":"ImageObject","inLanguage":"en-US","@id":"https:\/\/sp-berner.com\/en\/post\/15-march-responsible-consumption-as-a-strategic-alliance\/#primaryimage","url":"https:\/\/sp-berner.com\/wp-content\/uploads\/2026\/03\/15-march-responsible-consumption-as-a-strategic-alliance-1.jpg","contentUrl":"https:\/\/sp-berner.com\/wp-content\/uploads\/2026\/03\/15-march-responsible-consumption-as-a-strategic-alliance-1.jpg","width":900,"height":570,"caption":"15 March: Responsible Consumption as a strategic alliance"},{"@type":"BreadcrumbList","@id":"https:\/\/sp-berner.com\/en\/post\/15-march-responsible-consumption-as-a-strategic-alliance\/#breadcrumb","itemListElement":[{"@type":"ListItem","position":1,"name":"Inicio","item":"https:\/\/sp-berner.com\/en\/"},{"@type":"ListItem","position":2,"name":"Sustainability","item":"https:\/\/sp-berner.com\/en\/post\/category\/sustainability\/"},{"@type":"ListItem","position":3,"name":"15 March: Responsible Consumption as a strategic alliance"}]},{"@type":"WebSite","@id":"https:\/\/sp-berner.com\/en\/#website","url":"https:\/\/sp-berner.com\/en\/","name":"Sp-Berner","description":"Fabricantes l\u00edderes en la inyecci\u00f3n de pl\u00e1stico sostenible","publisher":{"@id":"https:\/\/sp-berner.com\/en\/#organization"},"alternateName":"Sp Berner","potentialAction":[{"@type":"SearchAction","target":{"@type":"EntryPoint","urlTemplate":"https:\/\/sp-berner.com\/en\/?s={search_term_string}"},"query-input":{"@type":"PropertyValueSpecification","valueRequired":true,"valueName":"search_term_string"}}],"inLanguage":"en-US"},{"@type":"Organization","@id":"https:\/\/sp-berner.com\/en\/#organization","name":"Sp-Berner","url":"https:\/\/sp-berner.com\/en\/","logo":{"@type":"ImageObject","inLanguage":"en-US","@id":"https:\/\/sp-berner.com\/en\/#\/schema\/logo\/image\/","url":"https:\/\/sp-berner.com\/wp-content\/uploads\/2023\/05\/sp-berner-color.svg","contentUrl":"https:\/\/sp-berner.com\/wp-content\/uploads\/2023\/05\/sp-berner-color.svg","width":344,"height":102,"caption":"Sp-Berner"},"image":{"@id":"https:\/\/sp-berner.com\/en\/#\/schema\/logo\/image\/"},"sameAs":["https:\/\/www.facebook.com\/SpBerner\/"]},{"@type":"Person","@id":"https:\/\/sp-berner.com\/en\/#\/schema\/person\/d82111c2a2e0d35005db18a9910409a3","name":"laclave"}]}},"_links":{"self":[{"href":"https:\/\/sp-berner.com\/en\/wp-json\/wp\/v2\/posts\/38903","targetHints":{"allow":["GET"]}}],"collection":[{"href":"https:\/\/sp-berner.com\/en\/wp-json\/wp\/v2\/posts"}],"about":[{"href":"https:\/\/sp-berner.com\/en\/wp-json\/wp\/v2\/types\/post"}],"author":[{"embeddable":true,"href":"https:\/\/sp-berner.com\/en\/wp-json\/wp\/v2\/users\/186"}],"replies":[{"embeddable":true,"href":"https:\/\/sp-berner.com\/en\/wp-json\/wp\/v2\/comments?post=38903"}],"version-history":[{"count":0,"href":"https:\/\/sp-berner.com\/en\/wp-json\/wp\/v2\/posts\/38903\/revisions"}],"wp:featuredmedia":[{"embeddable":true,"href":"https:\/\/sp-berner.com\/en\/wp-json\/wp\/v2\/media\/38907"}],"wp:attachment":[{"href":"https:\/\/sp-berner.com\/en\/wp-json\/wp\/v2\/media?parent=38903"}],"wp:term":[{"taxonomy":"category","embeddable":true,"href":"https:\/\/sp-berner.com\/en\/wp-json\/wp\/v2\/categories?post=38903"},{"taxonomy":"post_tag","embeddable":true,"href":"https:\/\/sp-berner.com\/en\/wp-json\/wp\/v2\/tags?post=38903"}],"curies":[{"name":"wp","href":"https:\/\/api.w.org\/{rel}","templated":true}]}}