{"id":24910,"date":"2023-05-30T08:31:00","date_gmt":"2023-05-30T08:31:00","guid":{"rendered":"https:\/\/sp-berner.com\/tres-terrazas-ideales-para-disfrutar-de-tu-casa-este-verano\/"},"modified":"2023-09-04T07:11:28","modified_gmt":"2023-09-04T07:11:28","slug":"three-ideal-terraces-to-enjoy-your-home-this-summer","status":"publish","type":"post","link":"https:\/\/sp-berner.com\/en\/post\/three-ideal-terraces-to-enjoy-your-home-this-summer\/","title":{"rendered":"Three ideal terraces to enjoy your home this summer"},"content":{"rendered":"\n<p>In&nbsp;<strong>an ideal size and with the guarantee of a sustainable Made in Spain product<\/strong>. These are the three proposals for terraces that we at SHAF HOME bring you today.<\/p>\n\n\n\n<p>More and more of you want to make your balconies, terraces or gardens more comfortable. And you also want to do it with&nbsp;<strong>compact, comfortable furniture, with modern and attractive designs&nbsp;<\/strong>and which, at the same time, are hardy and easy to maintain.<\/p>\n\n\n\n<p>Do you want to see three irresistible SHAF collections for your home? Here are three outdoor furniture ideas not to be missed!<\/p>\n\n\n\n<br>\n\n\n\n<div class=\"wp-block-columns is-layout-flex wp-container-core-columns-is-layout-9d6595d7 wp-block-columns-is-layout-flex\">\n<div class=\"wp-block-column is-layout-flow wp-block-column-is-layout-flow\">\n<figure class=\"wp-block-image size-full w-100\"><img fetchpriority=\"high\" decoding=\"async\" width=\"768\" height=\"768\" src=\"https:\/\/sp-berner.com\/wp-content\/uploads\/2023\/08\/plastic-furniture-shaf-sp-berner-set-costa.jpg\" alt=\"\" class=\"wp-image-24928\" srcset=\"https:\/\/sp-berner.com\/wp-content\/uploads\/2023\/08\/plastic-furniture-shaf-sp-berner-set-costa.jpg 768w, https:\/\/sp-berner.com\/wp-content\/uploads\/2023\/08\/plastic-furniture-shaf-sp-berner-set-costa-700x700.jpg 700w, https:\/\/sp-berner.com\/wp-content\/uploads\/2023\/08\/plastic-furniture-shaf-sp-berner-set-costa-400x400.jpg 400w, https:\/\/sp-berner.com\/wp-content\/uploads\/2023\/08\/plastic-furniture-shaf-sp-berner-set-costa-32x32.jpg 32w, https:\/\/sp-berner.com\/wp-content\/uploads\/2023\/08\/plastic-furniture-shaf-sp-berner-set-costa-100x100.jpg 100w, https:\/\/sp-berner.com\/wp-content\/uploads\/2023\/08\/plastic-furniture-shaf-sp-berner-set-costa-300x300.jpg 300w, https:\/\/sp-berner.com\/wp-content\/uploads\/2023\/08\/plastic-furniture-shaf-sp-berner-set-costa-600x600.jpg 600w, https:\/\/sp-berner.com\/wp-content\/uploads\/2023\/08\/plastic-furniture-shaf-sp-berner-set-costa-50x50.jpg 50w\" sizes=\"(max-width: 768px) 100vw, 768px\" \/><figcaption class=\"wp-element-caption\">Costa Set<\/figcaption><\/figure>\n<\/div>\n\n\n\n<div class=\"wp-block-column is-layout-flow wp-block-column-is-layout-flow\">\n<h2 class=\"wp-block-heading\">Costa Set<\/h2>\n\n\n\n<p>Are you looking for a&nbsp;<strong>practical and modern garden set?<\/strong> The Costa Set is your best option. This terrace set, comprising two chairs and a low table with a storage compartment, is of the highest quality.<\/p>\n\n\n\n<p>A very&nbsp;<strong>robust, easy to clean and stackable<\/strong> set, perfect for small spaces. It also stands because of its comfort and ergonomics, great for spending time outdoors with family or friends.<\/p>\n\n\n\n<p>Available in&nbsp;white&nbsp;and anthracite, the Costa Set combines perfectly with any other furniture or accessory you have in your garden, allowing you to decorate your space freely and give it your own style.<\/p>\n\n\n\n<p>This terrace set, like the rest of our products, is made in Spain from recycled material.<\/p>\n\n\n\n<p><strong>A comfortable, practical and compact option for your terrace!<\/strong><\/p>\n<\/div>\n<\/div>\n\n\n\n<div class=\"wp-block-columns is-layout-flex wp-container-core-columns-is-layout-9d6595d7 wp-block-columns-is-layout-flex\">\n<div class=\"wp-block-column is-layout-flow wp-block-column-is-layout-flow\">\n<h2 class=\"wp-block-heading\">Miami Tete a Tete Set<\/h2>\n\n\n\n<p><strong>Do you have a little more space? And are you looking for a slightly larger design? The&nbsp;Miami Tete a Tete Set&nbsp;is the perfect match for any style!<\/strong><\/p>\n\n\n\n<p>It is the perfect solution to transform the interior of your home, your porch or terrace into an oasis of comfort and elegance.<\/p>\n\n\n\n<p>Our set consists of two single armchairs and a coffee table. You can see their measurements&nbsp;here.<\/p>\n\n\n\n<p>With its smooth lines, imitation wood texture and graphite colour, it is an&nbsp;<strong>ideal option for decorating or redecorating<\/strong>&nbsp;any space in&nbsp;<strong>a simple and practical way<\/strong>.<\/p>\n<\/div>\n\n\n\n<div class=\"wp-block-column is-layout-flow wp-block-column-is-layout-flow\">\n<figure class=\"wp-block-image size-full w-100\"><img decoding=\"async\" width=\"768\" height=\"768\" src=\"https:\/\/sp-berner.com\/wp-content\/uploads\/2023\/08\/three-ideal-terraces-to-enjoy-your-home-this-summer.jpg\" alt=\"\" class=\"wp-image-24932\" srcset=\"https:\/\/sp-berner.com\/wp-content\/uploads\/2023\/08\/three-ideal-terraces-to-enjoy-your-home-this-summer.jpg 768w, https:\/\/sp-berner.com\/wp-content\/uploads\/2023\/08\/three-ideal-terraces-to-enjoy-your-home-this-summer-700x700.jpg 700w, https:\/\/sp-berner.com\/wp-content\/uploads\/2023\/08\/three-ideal-terraces-to-enjoy-your-home-this-summer-400x400.jpg 400w, https:\/\/sp-berner.com\/wp-content\/uploads\/2023\/08\/three-ideal-terraces-to-enjoy-your-home-this-summer-32x32.jpg 32w, https:\/\/sp-berner.com\/wp-content\/uploads\/2023\/08\/three-ideal-terraces-to-enjoy-your-home-this-summer-100x100.jpg 100w, https:\/\/sp-berner.com\/wp-content\/uploads\/2023\/08\/three-ideal-terraces-to-enjoy-your-home-this-summer-300x300.jpg 300w, https:\/\/sp-berner.com\/wp-content\/uploads\/2023\/08\/three-ideal-terraces-to-enjoy-your-home-this-summer-600x600.jpg 600w, https:\/\/sp-berner.com\/wp-content\/uploads\/2023\/08\/three-ideal-terraces-to-enjoy-your-home-this-summer-50x50.jpg 50w\" sizes=\"(max-width: 768px) 100vw, 768px\" \/><figcaption class=\"wp-element-caption\">Miami Tete a Tete Set<\/figcaption><\/figure>\n<\/div>\n<\/div>\n\n\n\n<div class=\"wp-block-columns is-layout-flex wp-container-core-columns-is-layout-9d6595d7 wp-block-columns-is-layout-flex\">\n<div class=\"wp-block-column is-layout-flow wp-block-column-is-layout-flow\">\n<figure class=\"wp-block-image size-full w-100\"><img decoding=\"async\" width=\"768\" height=\"768\" src=\"https:\/\/sp-berner.com\/wp-content\/uploads\/2023\/08\/furniture-shaf-terraces-verano.jpg\" alt=\"\" class=\"wp-image-24935\" srcset=\"https:\/\/sp-berner.com\/wp-content\/uploads\/2023\/08\/furniture-shaf-terraces-verano.jpg 768w, https:\/\/sp-berner.com\/wp-content\/uploads\/2023\/08\/furniture-shaf-terraces-verano-700x700.jpg 700w, https:\/\/sp-berner.com\/wp-content\/uploads\/2023\/08\/furniture-shaf-terraces-verano-400x400.jpg 400w, https:\/\/sp-berner.com\/wp-content\/uploads\/2023\/08\/furniture-shaf-terraces-verano-32x32.jpg 32w, https:\/\/sp-berner.com\/wp-content\/uploads\/2023\/08\/furniture-shaf-terraces-verano-100x100.jpg 100w, https:\/\/sp-berner.com\/wp-content\/uploads\/2023\/08\/furniture-shaf-terraces-verano-300x300.jpg 300w, https:\/\/sp-berner.com\/wp-content\/uploads\/2023\/08\/furniture-shaf-terraces-verano-600x600.jpg 600w, https:\/\/sp-berner.com\/wp-content\/uploads\/2023\/08\/furniture-shaf-terraces-verano-50x50.jpg 50w\" sizes=\"(max-width: 768px) 100vw, 768px\" \/><figcaption class=\"wp-element-caption\">Venus Tete a Tete<\/figcaption><\/figure>\n<\/div>\n\n\n\n<div class=\"wp-block-column is-layout-flow wp-block-column-is-layout-flow\">\n<h2 class=\"wp-block-heading\">Venus Tete a Tete<\/h2>\n\n\n\n<p><strong>A step further in the decoration of your terrace or garden.<\/strong><\/p>\n\n\n\n<p>The Venus Tete a Tete Set&nbsp;will be your perfect ally because of its innovative and modern design in geometric lines, its resin fabrication and its imitation rattan braiding.<\/p>\n\n\n\n<p><strong>Comfort, design and elegance<\/strong>&nbsp;in this terrace set. It comprises two armchairs, with cushions on their respective seats, and a low coffee table.<\/p>\n\n\n\n<p>Now that you&#8217;ve seen it, you&#8217;re probably already imagining your home space with this chic touch.<\/p>\n<\/div>\n<\/div>\n\n\n\n<p>At SHAF, we have thought of every detail when designing all our collections. That&#8217;s why they are made&nbsp;<strong>from more than 70% recycled plastic<\/strong>&nbsp;from our own recycling plant.&nbsp;<strong>Because if we love our homes, we also love the planet and take care of it with every gesture.<\/strong><\/p>\n\n\n\n<p>What&#8217;s more, these three terrace sets are UV and weather resistant and super easy to clean with soap and water!<\/p>\n\n\n\n<p>You can find them all in&nbsp;our SHAF HOME shop.<\/p>\n","protected":false},"excerpt":{"rendered":"<p>In&nbsp;an ideal size and with the guarantee of a sustainable Made in Spain product. These are the three proposals for terraces that we at SHAF HOME bring you today. More and more of you want to make your balconies, terraces or gardens more comfortable. And you also want to do it with&nbsp;compact, comfortable furniture, with [&#8230;]<\/p>\n<p><a class=\"btn btn-secondary understrap-read-more-link\" href=\"https:\/\/sp-berner.com\/en\/post\/three-ideal-terraces-to-enjoy-your-home-this-summer\/\">Read More&#8230;<span class=\"screen-reader-text\"> from Three ideal terraces to enjoy your home this summer<\/span><\/a><\/p>\n","protected":false},"author":186,"featured_media":24922,"comment_status":"closed","ping_status":"closed","sticky":false,"template":"","format":"standard","meta":{"_acf_changed":false,"footnotes":""},"categories":[1,269],"tags":[],"class_list":["post-24910","post","type-post","status-publish","format-standard","has-post-thumbnail","hentry","category-uncategorized","category-decoration"],"acf":[],"yoast_head":"<!-- This site is optimized with the Yoast SEO plugin v27.3 - https:\/\/yoast.com\/product\/yoast-seo-wordpress\/ -->\n<title>Three ideal terraces to enjoy your home this summer<\/title>\n<meta name=\"description\" content=\"In an ideal size and with the guarantee of a sustainable Made in Spain product. These are the three proposals for terraces that we at SHAF HOME bring you today.\" \/>\n<meta name=\"robots\" content=\"index, follow, max-snippet:-1, max-image-preview:large, max-video-preview:-1\" \/>\n<link rel=\"canonical\" href=\"https:\/\/sp-berner.com\/en\/post\/three-ideal-terraces-to-enjoy-your-home-this-summer\/\" \/>\n<meta property=\"og:locale\" content=\"en_US\" \/>\n<meta property=\"og:type\" content=\"article\" \/>\n<meta property=\"og:title\" content=\"Three ideal terraces to enjoy your home this summer\" \/>\n<meta property=\"og:description\" content=\"In an ideal size and with the guarantee of a sustainable Made in Spain product. These are the three proposals for terraces that we at SHAF HOME bring you today.\" \/>\n<meta property=\"og:url\" content=\"https:\/\/sp-berner.com\/en\/post\/three-ideal-terraces-to-enjoy-your-home-this-summer\/\" \/>\n<meta property=\"og:site_name\" content=\"Sp Berner\" \/>\n<meta property=\"article:publisher\" content=\"https:\/\/www.facebook.com\/SpBerner\/\" \/>\n<meta property=\"article:published_time\" content=\"2023-05-30T08:31:00+00:00\" \/>\n<meta property=\"article:modified_time\" content=\"2023-09-04T07:11:28+00:00\" \/>\n<meta property=\"og:image\" content=\"https:\/\/sp-berner.com\/wp-content\/uploads\/2023\/05\/three-ideal-terraces-to-enjoy-your-home-this-summer.jpg\" \/>\n\t<meta property=\"og:image:width\" content=\"768\" \/>\n\t<meta property=\"og:image:height\" content=\"768\" \/>\n\t<meta property=\"og:image:type\" content=\"image\/jpeg\" \/>\n<meta name=\"author\" content=\"laclave\" \/>\n<meta name=\"twitter:card\" content=\"summary_large_image\" \/>\n<meta name=\"twitter:label1\" content=\"Written by\" \/>\n\t<meta name=\"twitter:data1\" content=\"laclave\" \/>\n\t<meta name=\"twitter:label2\" content=\"Est. reading time\" \/>\n\t<meta name=\"twitter:data2\" content=\"3 minutes\" \/>\n<script type=\"application\/ld+json\" class=\"yoast-schema-graph\">{\"@context\":\"https:\\\/\\\/schema.org\",\"@graph\":[{\"@type\":\"Article\",\"@id\":\"https:\\\/\\\/sp-berner.com\\\/en\\\/post\\\/three-ideal-terraces-to-enjoy-your-home-this-summer\\\/#article\",\"isPartOf\":{\"@id\":\"https:\\\/\\\/sp-berner.com\\\/en\\\/post\\\/three-ideal-terraces-to-enjoy-your-home-this-summer\\\/\"},\"author\":{\"name\":\"laclave\",\"@id\":\"https:\\\/\\\/sp-berner.com\\\/en\\\/#\\\/schema\\\/person\\\/d82111c2a2e0d35005db18a9910409a3\"},\"headline\":\"Three ideal terraces to enjoy your home this summer\",\"datePublished\":\"2023-05-30T08:31:00+00:00\",\"dateModified\":\"2023-09-04T07:11:28+00:00\",\"mainEntityOfPage\":{\"@id\":\"https:\\\/\\\/sp-berner.com\\\/en\\\/post\\\/three-ideal-terraces-to-enjoy-your-home-this-summer\\\/\"},\"wordCount\":523,\"publisher\":{\"@id\":\"https:\\\/\\\/sp-berner.com\\\/en\\\/#organization\"},\"image\":{\"@id\":\"https:\\\/\\\/sp-berner.com\\\/en\\\/post\\\/three-ideal-terraces-to-enjoy-your-home-this-summer\\\/#primaryimage\"},\"thumbnailUrl\":\"https:\\\/\\\/sp-berner.com\\\/wp-content\\\/uploads\\\/2023\\\/05\\\/three-ideal-terraces-to-enjoy-your-home-this-summer.jpg\",\"articleSection\":{\"1\":\"Decoration\"},\"inLanguage\":\"en-US\"},{\"@type\":\"WebPage\",\"@id\":\"https:\\\/\\\/sp-berner.com\\\/en\\\/post\\\/three-ideal-terraces-to-enjoy-your-home-this-summer\\\/\",\"url\":\"https:\\\/\\\/sp-berner.com\\\/en\\\/post\\\/three-ideal-terraces-to-enjoy-your-home-this-summer\\\/\",\"name\":\"Three ideal terraces to enjoy your home this summer\",\"isPartOf\":{\"@id\":\"https:\\\/\\\/sp-berner.com\\\/en\\\/#website\"},\"primaryImageOfPage\":{\"@id\":\"https:\\\/\\\/sp-berner.com\\\/en\\\/post\\\/three-ideal-terraces-to-enjoy-your-home-this-summer\\\/#primaryimage\"},\"image\":{\"@id\":\"https:\\\/\\\/sp-berner.com\\\/en\\\/post\\\/three-ideal-terraces-to-enjoy-your-home-this-summer\\\/#primaryimage\"},\"thumbnailUrl\":\"https:\\\/\\\/sp-berner.com\\\/wp-content\\\/uploads\\\/2023\\\/05\\\/three-ideal-terraces-to-enjoy-your-home-this-summer.jpg\",\"datePublished\":\"2023-05-30T08:31:00+00:00\",\"dateModified\":\"2023-09-04T07:11:28+00:00\",\"description\":\"In an ideal size and with the guarantee of a sustainable Made in Spain product. These are the three proposals for terraces that we at SHAF HOME bring you today.\",\"breadcrumb\":{\"@id\":\"https:\\\/\\\/sp-berner.com\\\/en\\\/post\\\/three-ideal-terraces-to-enjoy-your-home-this-summer\\\/#breadcrumb\"},\"inLanguage\":\"en-US\",\"potentialAction\":[{\"@type\":\"ReadAction\",\"target\":[\"https:\\\/\\\/sp-berner.com\\\/en\\\/post\\\/three-ideal-terraces-to-enjoy-your-home-this-summer\\\/\"]}]},{\"@type\":\"ImageObject\",\"inLanguage\":\"en-US\",\"@id\":\"https:\\\/\\\/sp-berner.com\\\/en\\\/post\\\/three-ideal-terraces-to-enjoy-your-home-this-summer\\\/#primaryimage\",\"url\":\"https:\\\/\\\/sp-berner.com\\\/wp-content\\\/uploads\\\/2023\\\/05\\\/three-ideal-terraces-to-enjoy-your-home-this-summer.jpg\",\"contentUrl\":\"https:\\\/\\\/sp-berner.com\\\/wp-content\\\/uploads\\\/2023\\\/05\\\/three-ideal-terraces-to-enjoy-your-home-this-summer.jpg\",\"width\":768,\"height\":768,\"caption\":\"Three ideal terraces to enjoy your home this summer\"},{\"@type\":\"BreadcrumbList\",\"@id\":\"https:\\\/\\\/sp-berner.com\\\/en\\\/post\\\/three-ideal-terraces-to-enjoy-your-home-this-summer\\\/#breadcrumb\",\"itemListElement\":[{\"@type\":\"ListItem\",\"position\":1,\"name\":\"Inicio\",\"item\":\"https:\\\/\\\/sp-berner.com\\\/en\\\/\"},{\"@type\":\"ListItem\",\"position\":2,\"name\":\"Decoration\",\"item\":\"https:\\\/\\\/sp-berner.com\\\/en\\\/post\\\/category\\\/decoration\\\/\"},{\"@type\":\"ListItem\",\"position\":3,\"name\":\"Three ideal terraces to enjoy your home this summer\"}]},{\"@type\":\"WebSite\",\"@id\":\"https:\\\/\\\/sp-berner.com\\\/en\\\/#website\",\"url\":\"https:\\\/\\\/sp-berner.com\\\/en\\\/\",\"name\":\"Sp-Berner\",\"description\":\"Fabricantes l\u00edderes en la inyecci\u00f3n de pl\u00e1stico sostenible\",\"publisher\":{\"@id\":\"https:\\\/\\\/sp-berner.com\\\/en\\\/#organization\"},\"alternateName\":\"Sp Berner\",\"potentialAction\":[{\"@type\":\"SearchAction\",\"target\":{\"@type\":\"EntryPoint\",\"urlTemplate\":\"https:\\\/\\\/sp-berner.com\\\/en\\\/?s={search_term_string}\"},\"query-input\":{\"@type\":\"PropertyValueSpecification\",\"valueRequired\":true,\"valueName\":\"search_term_string\"}}],\"inLanguage\":\"en-US\"},{\"@type\":\"Organization\",\"@id\":\"https:\\\/\\\/sp-berner.com\\\/en\\\/#organization\",\"name\":\"Sp-Berner\",\"url\":\"https:\\\/\\\/sp-berner.com\\\/en\\\/\",\"logo\":{\"@type\":\"ImageObject\",\"inLanguage\":\"en-US\",\"@id\":\"https:\\\/\\\/sp-berner.com\\\/en\\\/#\\\/schema\\\/logo\\\/image\\\/\",\"url\":\"https:\\\/\\\/sp-berner.com\\\/wp-content\\\/uploads\\\/2023\\\/05\\\/sp-berner-color.svg\",\"contentUrl\":\"https:\\\/\\\/sp-berner.com\\\/wp-content\\\/uploads\\\/2023\\\/05\\\/sp-berner-color.svg\",\"width\":344,\"height\":102,\"caption\":\"Sp-Berner\"},\"image\":{\"@id\":\"https:\\\/\\\/sp-berner.com\\\/en\\\/#\\\/schema\\\/logo\\\/image\\\/\"},\"sameAs\":[\"https:\\\/\\\/www.facebook.com\\\/SpBerner\\\/\"]},{\"@type\":\"Person\",\"@id\":\"https:\\\/\\\/sp-berner.com\\\/en\\\/#\\\/schema\\\/person\\\/d82111c2a2e0d35005db18a9910409a3\",\"name\":\"laclave\"}]}<\/script>\n<!-- \/ Yoast SEO plugin. -->","yoast_head_json":{"title":"Three ideal terraces to enjoy your home this summer","description":"In an ideal size and with the guarantee of a sustainable Made in Spain product. These are the three proposals for terraces that we at SHAF HOME bring you today.","robots":{"index":"index","follow":"follow","max-snippet":"max-snippet:-1","max-image-preview":"max-image-preview:large","max-video-preview":"max-video-preview:-1"},"canonical":"https:\/\/sp-berner.com\/en\/post\/three-ideal-terraces-to-enjoy-your-home-this-summer\/","og_locale":"en_US","og_type":"article","og_title":"Three ideal terraces to enjoy your home this summer","og_description":"In an ideal size and with the guarantee of a sustainable Made in Spain product. These are the three proposals for terraces that we at SHAF HOME bring you today.","og_url":"https:\/\/sp-berner.com\/en\/post\/three-ideal-terraces-to-enjoy-your-home-this-summer\/","og_site_name":"Sp Berner","article_publisher":"https:\/\/www.facebook.com\/SpBerner\/","article_published_time":"2023-05-30T08:31:00+00:00","article_modified_time":"2023-09-04T07:11:28+00:00","og_image":[{"width":768,"height":768,"url":"https:\/\/sp-berner.com\/wp-content\/uploads\/2023\/05\/three-ideal-terraces-to-enjoy-your-home-this-summer.jpg","type":"image\/jpeg"}],"author":"laclave","twitter_card":"summary_large_image","twitter_misc":{"Written by":"laclave","Est. reading time":"3 minutes"},"schema":{"@context":"https:\/\/schema.org","@graph":[{"@type":"Article","@id":"https:\/\/sp-berner.com\/en\/post\/three-ideal-terraces-to-enjoy-your-home-this-summer\/#article","isPartOf":{"@id":"https:\/\/sp-berner.com\/en\/post\/three-ideal-terraces-to-enjoy-your-home-this-summer\/"},"author":{"name":"laclave","@id":"https:\/\/sp-berner.com\/en\/#\/schema\/person\/d82111c2a2e0d35005db18a9910409a3"},"headline":"Three ideal terraces to enjoy your home this summer","datePublished":"2023-05-30T08:31:00+00:00","dateModified":"2023-09-04T07:11:28+00:00","mainEntityOfPage":{"@id":"https:\/\/sp-berner.com\/en\/post\/three-ideal-terraces-to-enjoy-your-home-this-summer\/"},"wordCount":523,"publisher":{"@id":"https:\/\/sp-berner.com\/en\/#organization"},"image":{"@id":"https:\/\/sp-berner.com\/en\/post\/three-ideal-terraces-to-enjoy-your-home-this-summer\/#primaryimage"},"thumbnailUrl":"https:\/\/sp-berner.com\/wp-content\/uploads\/2023\/05\/three-ideal-terraces-to-enjoy-your-home-this-summer.jpg","articleSection":{"1":"Decoration"},"inLanguage":"en-US"},{"@type":"WebPage","@id":"https:\/\/sp-berner.com\/en\/post\/three-ideal-terraces-to-enjoy-your-home-this-summer\/","url":"https:\/\/sp-berner.com\/en\/post\/three-ideal-terraces-to-enjoy-your-home-this-summer\/","name":"Three ideal terraces to enjoy your home this summer","isPartOf":{"@id":"https:\/\/sp-berner.com\/en\/#website"},"primaryImageOfPage":{"@id":"https:\/\/sp-berner.com\/en\/post\/three-ideal-terraces-to-enjoy-your-home-this-summer\/#primaryimage"},"image":{"@id":"https:\/\/sp-berner.com\/en\/post\/three-ideal-terraces-to-enjoy-your-home-this-summer\/#primaryimage"},"thumbnailUrl":"https:\/\/sp-berner.com\/wp-content\/uploads\/2023\/05\/three-ideal-terraces-to-enjoy-your-home-this-summer.jpg","datePublished":"2023-05-30T08:31:00+00:00","dateModified":"2023-09-04T07:11:28+00:00","description":"In an ideal size and with the guarantee of a sustainable Made in Spain product. These are the three proposals for terraces that we at SHAF HOME bring you today.","breadcrumb":{"@id":"https:\/\/sp-berner.com\/en\/post\/three-ideal-terraces-to-enjoy-your-home-this-summer\/#breadcrumb"},"inLanguage":"en-US","potentialAction":[{"@type":"ReadAction","target":["https:\/\/sp-berner.com\/en\/post\/three-ideal-terraces-to-enjoy-your-home-this-summer\/"]}]},{"@type":"ImageObject","inLanguage":"en-US","@id":"https:\/\/sp-berner.com\/en\/post\/three-ideal-terraces-to-enjoy-your-home-this-summer\/#primaryimage","url":"https:\/\/sp-berner.com\/wp-content\/uploads\/2023\/05\/three-ideal-terraces-to-enjoy-your-home-this-summer.jpg","contentUrl":"https:\/\/sp-berner.com\/wp-content\/uploads\/2023\/05\/three-ideal-terraces-to-enjoy-your-home-this-summer.jpg","width":768,"height":768,"caption":"Three ideal terraces to enjoy your home this summer"},{"@type":"BreadcrumbList","@id":"https:\/\/sp-berner.com\/en\/post\/three-ideal-terraces-to-enjoy-your-home-this-summer\/#breadcrumb","itemListElement":[{"@type":"ListItem","position":1,"name":"Inicio","item":"https:\/\/sp-berner.com\/en\/"},{"@type":"ListItem","position":2,"name":"Decoration","item":"https:\/\/sp-berner.com\/en\/post\/category\/decoration\/"},{"@type":"ListItem","position":3,"name":"Three ideal terraces to enjoy your home this summer"}]},{"@type":"WebSite","@id":"https:\/\/sp-berner.com\/en\/#website","url":"https:\/\/sp-berner.com\/en\/","name":"Sp-Berner","description":"Fabricantes l\u00edderes en la inyecci\u00f3n de pl\u00e1stico sostenible","publisher":{"@id":"https:\/\/sp-berner.com\/en\/#organization"},"alternateName":"Sp Berner","potentialAction":[{"@type":"SearchAction","target":{"@type":"EntryPoint","urlTemplate":"https:\/\/sp-berner.com\/en\/?s={search_term_string}"},"query-input":{"@type":"PropertyValueSpecification","valueRequired":true,"valueName":"search_term_string"}}],"inLanguage":"en-US"},{"@type":"Organization","@id":"https:\/\/sp-berner.com\/en\/#organization","name":"Sp-Berner","url":"https:\/\/sp-berner.com\/en\/","logo":{"@type":"ImageObject","inLanguage":"en-US","@id":"https:\/\/sp-berner.com\/en\/#\/schema\/logo\/image\/","url":"https:\/\/sp-berner.com\/wp-content\/uploads\/2023\/05\/sp-berner-color.svg","contentUrl":"https:\/\/sp-berner.com\/wp-content\/uploads\/2023\/05\/sp-berner-color.svg","width":344,"height":102,"caption":"Sp-Berner"},"image":{"@id":"https:\/\/sp-berner.com\/en\/#\/schema\/logo\/image\/"},"sameAs":["https:\/\/www.facebook.com\/SpBerner\/"]},{"@type":"Person","@id":"https:\/\/sp-berner.com\/en\/#\/schema\/person\/d82111c2a2e0d35005db18a9910409a3","name":"laclave"}]}},"_links":{"self":[{"href":"https:\/\/sp-berner.com\/en\/wp-json\/wp\/v2\/posts\/24910","targetHints":{"allow":["GET"]}}],"collection":[{"href":"https:\/\/sp-berner.com\/en\/wp-json\/wp\/v2\/posts"}],"about":[{"href":"https:\/\/sp-berner.com\/en\/wp-json\/wp\/v2\/types\/post"}],"author":[{"embeddable":true,"href":"https:\/\/sp-berner.com\/en\/wp-json\/wp\/v2\/users\/186"}],"replies":[{"embeddable":true,"href":"https:\/\/sp-berner.com\/en\/wp-json\/wp\/v2\/comments?post=24910"}],"version-history":[{"count":0,"href":"https:\/\/sp-berner.com\/en\/wp-json\/wp\/v2\/posts\/24910\/revisions"}],"wp:featuredmedia":[{"embeddable":true,"href":"https:\/\/sp-berner.com\/en\/wp-json\/wp\/v2\/media\/24922"}],"wp:attachment":[{"href":"https:\/\/sp-berner.com\/en\/wp-json\/wp\/v2\/media?parent=24910"}],"wp:term":[{"taxonomy":"category","embeddable":true,"href":"https:\/\/sp-berner.com\/en\/wp-json\/wp\/v2\/categories?post=24910"},{"taxonomy":"post_tag","embeddable":true,"href":"https:\/\/sp-berner.com\/en\/wp-json\/wp\/v2\/tags?post=24910"}],"curies":[{"name":"wp","href":"https:\/\/api.w.org\/{rel}","templated":true}]}}