{"id":24863,"date":"2023-05-23T08:00:00","date_gmt":"2023-05-23T08:00:00","guid":{"rendered":"https:\/\/sp-berner.com\/las-tumbonas-son-para-el-verano\/"},"modified":"2023-09-04T07:13:38","modified_gmt":"2023-09-04T07:13:38","slug":"sun-loungers-are-for-summer","status":"publish","type":"post","link":"https:\/\/sp-berner.com\/en\/post\/sun-loungers-are-for-summer\/","title":{"rendered":"Sun loungers are for summer"},"content":{"rendered":"\n<p>As we enter the run up to the end of May, we can&#8217;t wait for the summer to come and enjoy the outdoors, the sun, lots of relaxation and moments for Celebrating Life at home.<\/p>\n\n\n\n<p>Those of you who have a terrace or garden are already preparing your favourite spot with your perfect garden sets.&nbsp;But&nbsp;<strong>sun lovers need another must, sun loungers!<\/strong>&nbsp;Truly, the biggest players of this season.<\/p>\n\n\n\n<p>These pieces of furniture are not only&nbsp;<strong>an inexhaustible source of naps, comfort and sunshine<\/strong>, but also add an <strong>ideal touch of style and sophistication<\/strong>&nbsp;to our outdoor spaces. Whether on a small terrace, in a garden or by the pool, they are perfect for enjoying the good weather and, as such, part of the home decoration. Besides,&nbsp;<strong>they are made from more than 70% recycled material!<\/strong><\/p>\n\n\n\n<p>Haven&#8217;t you seen our selection of sun loungers? In our SHAF shop we have various models of sun loungers available,&nbsp;<strong>perfect for the start of the summer<\/strong>.&nbsp;Below, we tell you a little bit more about each of them!<\/p>\n\n\n\n<div class=\"wp-block-columns is-layout-flex wp-container-core-columns-is-layout-9d6595d7 wp-block-columns-is-layout-flex\">\n<div class=\"wp-block-column is-layout-flow wp-block-column-is-layout-flow\">\n<figure class=\"wp-block-image size-full w-100\"><img fetchpriority=\"high\" decoding=\"async\" width=\"768\" height=\"768\" src=\"https:\/\/sp-berner.com\/wp-content\/uploads\/2023\/08\/sun-lounger-dream-shaf-sp-berner.jpeg\" alt=\"\" class=\"wp-image-24893\" srcset=\"https:\/\/sp-berner.com\/wp-content\/uploads\/2023\/08\/sun-lounger-dream-shaf-sp-berner.jpeg 768w, https:\/\/sp-berner.com\/wp-content\/uploads\/2023\/08\/sun-lounger-dream-shaf-sp-berner-700x700.jpeg 700w, https:\/\/sp-berner.com\/wp-content\/uploads\/2023\/08\/sun-lounger-dream-shaf-sp-berner-400x400.jpeg 400w, https:\/\/sp-berner.com\/wp-content\/uploads\/2023\/08\/sun-lounger-dream-shaf-sp-berner-32x32.jpeg 32w, https:\/\/sp-berner.com\/wp-content\/uploads\/2023\/08\/sun-lounger-dream-shaf-sp-berner-100x100.jpeg 100w, https:\/\/sp-berner.com\/wp-content\/uploads\/2023\/08\/sun-lounger-dream-shaf-sp-berner-300x300.jpeg 300w, https:\/\/sp-berner.com\/wp-content\/uploads\/2023\/08\/sun-lounger-dream-shaf-sp-berner-600x600.jpeg 600w, https:\/\/sp-berner.com\/wp-content\/uploads\/2023\/08\/sun-lounger-dream-shaf-sp-berner-50x50.jpeg 50w\" sizes=\"(max-width: 768px) 100vw, 768px\" \/><figcaption class=\"wp-element-caption\">Sun lounger Dream Antracita<\/figcaption><\/figure>\n<\/div>\n\n\n\n<div class=\"wp-block-column is-layout-flow wp-block-column-is-layout-flow\">\n<h2 class=\"wp-block-heading\">Dream Antracita<\/h2>\n\n\n\n<p><strong>A simple, elegant and very comfortable design for outdoors<\/strong>. Our sun lounger&nbsp;DREAM ANTRACITA&nbsp;is designed to be folded in 3 parts for quick and easy transport<\/p>\n\n\n\n<p>For reading, sunbathing, having your favourite aperitif. The DREAM lounger offers maximum comfort thanks to its padded cushion and 4-position adjustable backrest.<\/p>\n\n\n\n<p><strong>Its imitation rattan design and straight lines make it a perfect fit in any environment.<\/strong><\/p>\n<\/div>\n<\/div>\n\n\n\n<div class=\"wp-block-columns is-layout-flex wp-container-core-columns-is-layout-9d6595d7 wp-block-columns-is-layout-flex\">\n<div class=\"wp-block-column is-layout-flow wp-block-column-is-layout-flow\">\n<h2 class=\"wp-block-heading\">Antibes<\/h2>\n\n\n\n<p><strong>Looking for a more classic lounger design with more rounded lines?<\/strong>&nbsp;The design of our sun lounger&nbsp;&nbsp;<strong>ANTIBES<\/strong>&nbsp; is very simple. As much as sitting on the beach and enjoying a sunset.<\/p>\n\n\n\n<p>This folding sun lounger is available in four colours: white, anthracite, green and wenge. When we designed it we thought about your comfort at all times, that&#8217;s why it is multi-position and has wheels so you can easily move it.<\/p>\n\n\n\n<p>In addition, its backrest is adjustable and has a safety locking system for when you want to fold it up.<\/p>\n\n\n\n<p><strong>ANTIBES<\/strong>&nbsp;is a&nbsp;<strong>classic that never goes out of fashion<\/strong>.<\/p>\n<\/div>\n\n\n\n<div class=\"wp-block-column is-layout-flow wp-block-column-is-layout-flow\">\n<figure class=\"wp-block-image size-full w-100\"><img decoding=\"async\" width=\"768\" height=\"768\" src=\"https:\/\/sp-berner.com\/wp-content\/uploads\/2023\/08\/sun-lounger-antibes-shaf-sp-berner.jpeg\" alt=\"\" class=\"wp-image-24897\" srcset=\"https:\/\/sp-berner.com\/wp-content\/uploads\/2023\/08\/sun-lounger-antibes-shaf-sp-berner.jpeg 768w, https:\/\/sp-berner.com\/wp-content\/uploads\/2023\/08\/sun-lounger-antibes-shaf-sp-berner-700x700.jpeg 700w, https:\/\/sp-berner.com\/wp-content\/uploads\/2023\/08\/sun-lounger-antibes-shaf-sp-berner-400x400.jpeg 400w, https:\/\/sp-berner.com\/wp-content\/uploads\/2023\/08\/sun-lounger-antibes-shaf-sp-berner-32x32.jpeg 32w, https:\/\/sp-berner.com\/wp-content\/uploads\/2023\/08\/sun-lounger-antibes-shaf-sp-berner-100x100.jpeg 100w, https:\/\/sp-berner.com\/wp-content\/uploads\/2023\/08\/sun-lounger-antibes-shaf-sp-berner-300x300.jpeg 300w, https:\/\/sp-berner.com\/wp-content\/uploads\/2023\/08\/sun-lounger-antibes-shaf-sp-berner-600x600.jpeg 600w, https:\/\/sp-berner.com\/wp-content\/uploads\/2023\/08\/sun-lounger-antibes-shaf-sp-berner-50x50.jpeg 50w\" sizes=\"(max-width: 768px) 100vw, 768px\" \/><figcaption class=\"wp-element-caption\">Antibes<\/figcaption><\/figure>\n<\/div>\n<\/div>\n\n\n\n<div class=\"wp-block-columns is-layout-flex wp-container-core-columns-is-layout-9d6595d7 wp-block-columns-is-layout-flex\">\n<div class=\"wp-block-column is-layout-flow wp-block-column-is-layout-flow\">\n<figure class=\"wp-block-image size-full w-100\"><img decoding=\"async\" width=\"768\" height=\"768\" src=\"https:\/\/sp-berner.com\/wp-content\/uploads\/2023\/08\/sun-lounger-shaf-sp-berner-caiman.jpeg\" alt=\"\" class=\"wp-image-24906\" srcset=\"https:\/\/sp-berner.com\/wp-content\/uploads\/2023\/08\/sun-lounger-shaf-sp-berner-caiman.jpeg 768w, https:\/\/sp-berner.com\/wp-content\/uploads\/2023\/08\/sun-lounger-shaf-sp-berner-caiman-700x700.jpeg 700w, https:\/\/sp-berner.com\/wp-content\/uploads\/2023\/08\/sun-lounger-shaf-sp-berner-caiman-400x400.jpeg 400w, https:\/\/sp-berner.com\/wp-content\/uploads\/2023\/08\/sun-lounger-shaf-sp-berner-caiman-32x32.jpeg 32w, https:\/\/sp-berner.com\/wp-content\/uploads\/2023\/08\/sun-lounger-shaf-sp-berner-caiman-100x100.jpeg 100w, https:\/\/sp-berner.com\/wp-content\/uploads\/2023\/08\/sun-lounger-shaf-sp-berner-caiman-300x300.jpeg 300w, https:\/\/sp-berner.com\/wp-content\/uploads\/2023\/08\/sun-lounger-shaf-sp-berner-caiman-600x600.jpeg 600w, https:\/\/sp-berner.com\/wp-content\/uploads\/2023\/08\/sun-lounger-shaf-sp-berner-caiman-50x50.jpeg 50w\" sizes=\"(max-width: 768px) 100vw, 768px\" \/><figcaption class=\"wp-element-caption\">Sun lounger Caiman<\/figcaption><\/figure>\n<\/div>\n\n\n\n<div class=\"wp-block-column is-layout-flow wp-block-column-is-layout-flow\">\n<h2 class=\"wp-block-heading\">Caiman<\/h2>\n\n\n\n<p>A vintage touch.<strong>&nbsp;A retro yet modern touch<\/strong>&nbsp;for your home in a sun lounger with rounded lines.<\/p>\n\n\n\n<p>This design stands out because it is super comfortable thanks to its armrests, its cushion and its backrest with 4 positions.<\/p>\n\n\n\n<p>Our&nbsp;Caiman sun lounger&nbsp;is available in white, green and brown.<\/p>\n\n\n\n<p><strong>Summer naps on your terrace now have a name!<\/strong><\/p>\n<\/div>\n<\/div>\n\n\n\n<p>And now that you&#8217;ve seen them&#8230;<strong> we look forward to seeing you in our SHAF Shop to celebrate the summer!<\/strong><\/p>\n","protected":false},"excerpt":{"rendered":"<p>As we enter the run up to the end of May, we can&#8217;t wait for the summer to come and enjoy the outdoors, the sun, lots of relaxation and moments for Celebrating Life at home. [&#8230;]<\/p>\n<p><a class=\"btn btn-secondary understrap-read-more-link\" href=\"https:\/\/sp-berner.com\/en\/post\/sun-loungers-are-for-summer\/\">Read More&#8230;<span class=\"screen-reader-text\"> from Sun loungers are for summer<\/span><\/a><\/p>\n","protected":false},"author":186,"featured_media":24890,"comment_status":"closed","ping_status":"closed","sticky":false,"template":"","format":"standard","meta":{"_acf_changed":false,"footnotes":""},"categories":[269,1],"tags":[],"class_list":["post-24863","post","type-post","status-publish","format-standard","has-post-thumbnail","hentry","category-decoration","category-uncategorized"],"acf":[],"yoast_head":"<!-- This site is optimized with the Yoast SEO plugin v27.3 - https:\/\/yoast.com\/product\/yoast-seo-wordpress\/ -->\n<title>Sun loungers are for summer<\/title>\n<meta name=\"description\" content=\"As we enter the run up to the end of May, we can&#039;t wait for the summer to come and enjoy the outdoors, the sun, lots of relaxation and moments for Celebrating Life at home.\" \/>\n<meta name=\"robots\" content=\"index, follow, max-snippet:-1, max-image-preview:large, max-video-preview:-1\" \/>\n<link rel=\"canonical\" href=\"https:\/\/sp-berner.com\/en\/post\/sun-loungers-are-for-summer\/\" \/>\n<meta property=\"og:locale\" content=\"en_US\" \/>\n<meta property=\"og:type\" content=\"article\" \/>\n<meta property=\"og:title\" content=\"Sun loungers are for summer\" \/>\n<meta property=\"og:description\" content=\"As we enter the run up to the end of May, we can&#039;t wait for the summer to come and enjoy the outdoors, the sun, lots of relaxation and moments for Celebrating Life at home.\" \/>\n<meta property=\"og:url\" content=\"https:\/\/sp-berner.com\/en\/post\/sun-loungers-are-for-summer\/\" \/>\n<meta property=\"og:site_name\" content=\"Sp Berner\" \/>\n<meta property=\"article:publisher\" content=\"https:\/\/www.facebook.com\/SpBerner\/\" \/>\n<meta property=\"article:published_time\" content=\"2023-05-23T08:00:00+00:00\" \/>\n<meta property=\"article:modified_time\" content=\"2023-09-04T07:13:38+00:00\" \/>\n<meta property=\"og:image\" content=\"https:\/\/sp-berner.com\/wp-content\/uploads\/2023\/05\/shaf-sun-loungers-terraces-garden.jpg\" \/>\n\t<meta property=\"og:image:width\" content=\"880\" \/>\n\t<meta property=\"og:image:height\" content=\"342\" \/>\n\t<meta property=\"og:image:type\" content=\"image\/jpeg\" \/>\n<meta name=\"author\" content=\"laclave\" \/>\n<meta name=\"twitter:card\" content=\"summary_large_image\" \/>\n<meta name=\"twitter:label1\" content=\"Written by\" \/>\n\t<meta name=\"twitter:data1\" content=\"laclave\" \/>\n\t<meta name=\"twitter:label2\" content=\"Est. reading time\" \/>\n\t<meta name=\"twitter:data2\" content=\"3 minutes\" \/>\n<script type=\"application\/ld+json\" class=\"yoast-schema-graph\">{\"@context\":\"https:\\\/\\\/schema.org\",\"@graph\":[{\"@type\":\"Article\",\"@id\":\"https:\\\/\\\/sp-berner.com\\\/en\\\/post\\\/sun-loungers-are-for-summer\\\/#article\",\"isPartOf\":{\"@id\":\"https:\\\/\\\/sp-berner.com\\\/en\\\/post\\\/sun-loungers-are-for-summer\\\/\"},\"author\":{\"name\":\"laclave\",\"@id\":\"https:\\\/\\\/sp-berner.com\\\/en\\\/#\\\/schema\\\/person\\\/d82111c2a2e0d35005db18a9910409a3\"},\"headline\":\"Sun loungers are for summer\",\"datePublished\":\"2023-05-23T08:00:00+00:00\",\"dateModified\":\"2023-09-04T07:13:38+00:00\",\"mainEntityOfPage\":{\"@id\":\"https:\\\/\\\/sp-berner.com\\\/en\\\/post\\\/sun-loungers-are-for-summer\\\/\"},\"wordCount\":455,\"publisher\":{\"@id\":\"https:\\\/\\\/sp-berner.com\\\/en\\\/#organization\"},\"image\":{\"@id\":\"https:\\\/\\\/sp-berner.com\\\/en\\\/post\\\/sun-loungers-are-for-summer\\\/#primaryimage\"},\"thumbnailUrl\":\"https:\\\/\\\/sp-berner.com\\\/wp-content\\\/uploads\\\/2023\\\/05\\\/shaf-sun-loungers-terraces-garden.jpg\",\"articleSection\":[\"Decoration\"],\"inLanguage\":\"en-US\"},{\"@type\":\"WebPage\",\"@id\":\"https:\\\/\\\/sp-berner.com\\\/en\\\/post\\\/sun-loungers-are-for-summer\\\/\",\"url\":\"https:\\\/\\\/sp-berner.com\\\/en\\\/post\\\/sun-loungers-are-for-summer\\\/\",\"name\":\"Sun loungers are for summer\",\"isPartOf\":{\"@id\":\"https:\\\/\\\/sp-berner.com\\\/en\\\/#website\"},\"primaryImageOfPage\":{\"@id\":\"https:\\\/\\\/sp-berner.com\\\/en\\\/post\\\/sun-loungers-are-for-summer\\\/#primaryimage\"},\"image\":{\"@id\":\"https:\\\/\\\/sp-berner.com\\\/en\\\/post\\\/sun-loungers-are-for-summer\\\/#primaryimage\"},\"thumbnailUrl\":\"https:\\\/\\\/sp-berner.com\\\/wp-content\\\/uploads\\\/2023\\\/05\\\/shaf-sun-loungers-terraces-garden.jpg\",\"datePublished\":\"2023-05-23T08:00:00+00:00\",\"dateModified\":\"2023-09-04T07:13:38+00:00\",\"description\":\"As we enter the run up to the end of May, we can't wait for the summer to come and enjoy the outdoors, the sun, lots of relaxation and moments for Celebrating Life at home.\",\"breadcrumb\":{\"@id\":\"https:\\\/\\\/sp-berner.com\\\/en\\\/post\\\/sun-loungers-are-for-summer\\\/#breadcrumb\"},\"inLanguage\":\"en-US\",\"potentialAction\":[{\"@type\":\"ReadAction\",\"target\":[\"https:\\\/\\\/sp-berner.com\\\/en\\\/post\\\/sun-loungers-are-for-summer\\\/\"]}]},{\"@type\":\"ImageObject\",\"inLanguage\":\"en-US\",\"@id\":\"https:\\\/\\\/sp-berner.com\\\/en\\\/post\\\/sun-loungers-are-for-summer\\\/#primaryimage\",\"url\":\"https:\\\/\\\/sp-berner.com\\\/wp-content\\\/uploads\\\/2023\\\/05\\\/shaf-sun-loungers-terraces-garden.jpg\",\"contentUrl\":\"https:\\\/\\\/sp-berner.com\\\/wp-content\\\/uploads\\\/2023\\\/05\\\/shaf-sun-loungers-terraces-garden.jpg\",\"width\":880,\"height\":342,\"caption\":\"Sun loungers for terrace this summer\"},{\"@type\":\"BreadcrumbList\",\"@id\":\"https:\\\/\\\/sp-berner.com\\\/en\\\/post\\\/sun-loungers-are-for-summer\\\/#breadcrumb\",\"itemListElement\":[{\"@type\":\"ListItem\",\"position\":1,\"name\":\"Inicio\",\"item\":\"https:\\\/\\\/sp-berner.com\\\/en\\\/\"},{\"@type\":\"ListItem\",\"position\":2,\"name\":\"Decoration\",\"item\":\"https:\\\/\\\/sp-berner.com\\\/en\\\/post\\\/category\\\/decoration\\\/\"},{\"@type\":\"ListItem\",\"position\":3,\"name\":\"Sun loungers are for summer\"}]},{\"@type\":\"WebSite\",\"@id\":\"https:\\\/\\\/sp-berner.com\\\/en\\\/#website\",\"url\":\"https:\\\/\\\/sp-berner.com\\\/en\\\/\",\"name\":\"Sp-Berner\",\"description\":\"Fabricantes l\u00edderes en la inyecci\u00f3n de pl\u00e1stico sostenible\",\"publisher\":{\"@id\":\"https:\\\/\\\/sp-berner.com\\\/en\\\/#organization\"},\"alternateName\":\"Sp Berner\",\"potentialAction\":[{\"@type\":\"SearchAction\",\"target\":{\"@type\":\"EntryPoint\",\"urlTemplate\":\"https:\\\/\\\/sp-berner.com\\\/en\\\/?s={search_term_string}\"},\"query-input\":{\"@type\":\"PropertyValueSpecification\",\"valueRequired\":true,\"valueName\":\"search_term_string\"}}],\"inLanguage\":\"en-US\"},{\"@type\":\"Organization\",\"@id\":\"https:\\\/\\\/sp-berner.com\\\/en\\\/#organization\",\"name\":\"Sp-Berner\",\"url\":\"https:\\\/\\\/sp-berner.com\\\/en\\\/\",\"logo\":{\"@type\":\"ImageObject\",\"inLanguage\":\"en-US\",\"@id\":\"https:\\\/\\\/sp-berner.com\\\/en\\\/#\\\/schema\\\/logo\\\/image\\\/\",\"url\":\"https:\\\/\\\/sp-berner.com\\\/wp-content\\\/uploads\\\/2023\\\/05\\\/sp-berner-color.svg\",\"contentUrl\":\"https:\\\/\\\/sp-berner.com\\\/wp-content\\\/uploads\\\/2023\\\/05\\\/sp-berner-color.svg\",\"width\":344,\"height\":102,\"caption\":\"Sp-Berner\"},\"image\":{\"@id\":\"https:\\\/\\\/sp-berner.com\\\/en\\\/#\\\/schema\\\/logo\\\/image\\\/\"},\"sameAs\":[\"https:\\\/\\\/www.facebook.com\\\/SpBerner\\\/\"]},{\"@type\":\"Person\",\"@id\":\"https:\\\/\\\/sp-berner.com\\\/en\\\/#\\\/schema\\\/person\\\/d82111c2a2e0d35005db18a9910409a3\",\"name\":\"laclave\"}]}<\/script>\n<!-- \/ Yoast SEO plugin. -->","yoast_head_json":{"title":"Sun loungers are for summer","description":"As we enter the run up to the end of May, we can't wait for the summer to come and enjoy the outdoors, the sun, lots of relaxation and moments for Celebrating Life at home.","robots":{"index":"index","follow":"follow","max-snippet":"max-snippet:-1","max-image-preview":"max-image-preview:large","max-video-preview":"max-video-preview:-1"},"canonical":"https:\/\/sp-berner.com\/en\/post\/sun-loungers-are-for-summer\/","og_locale":"en_US","og_type":"article","og_title":"Sun loungers are for summer","og_description":"As we enter the run up to the end of May, we can't wait for the summer to come and enjoy the outdoors, the sun, lots of relaxation and moments for Celebrating Life at home.","og_url":"https:\/\/sp-berner.com\/en\/post\/sun-loungers-are-for-summer\/","og_site_name":"Sp Berner","article_publisher":"https:\/\/www.facebook.com\/SpBerner\/","article_published_time":"2023-05-23T08:00:00+00:00","article_modified_time":"2023-09-04T07:13:38+00:00","og_image":[{"width":880,"height":342,"url":"https:\/\/sp-berner.com\/wp-content\/uploads\/2023\/05\/shaf-sun-loungers-terraces-garden.jpg","type":"image\/jpeg"}],"author":"laclave","twitter_card":"summary_large_image","twitter_misc":{"Written by":"laclave","Est. reading time":"3 minutes"},"schema":{"@context":"https:\/\/schema.org","@graph":[{"@type":"Article","@id":"https:\/\/sp-berner.com\/en\/post\/sun-loungers-are-for-summer\/#article","isPartOf":{"@id":"https:\/\/sp-berner.com\/en\/post\/sun-loungers-are-for-summer\/"},"author":{"name":"laclave","@id":"https:\/\/sp-berner.com\/en\/#\/schema\/person\/d82111c2a2e0d35005db18a9910409a3"},"headline":"Sun loungers are for summer","datePublished":"2023-05-23T08:00:00+00:00","dateModified":"2023-09-04T07:13:38+00:00","mainEntityOfPage":{"@id":"https:\/\/sp-berner.com\/en\/post\/sun-loungers-are-for-summer\/"},"wordCount":455,"publisher":{"@id":"https:\/\/sp-berner.com\/en\/#organization"},"image":{"@id":"https:\/\/sp-berner.com\/en\/post\/sun-loungers-are-for-summer\/#primaryimage"},"thumbnailUrl":"https:\/\/sp-berner.com\/wp-content\/uploads\/2023\/05\/shaf-sun-loungers-terraces-garden.jpg","articleSection":["Decoration"],"inLanguage":"en-US"},{"@type":"WebPage","@id":"https:\/\/sp-berner.com\/en\/post\/sun-loungers-are-for-summer\/","url":"https:\/\/sp-berner.com\/en\/post\/sun-loungers-are-for-summer\/","name":"Sun loungers are for summer","isPartOf":{"@id":"https:\/\/sp-berner.com\/en\/#website"},"primaryImageOfPage":{"@id":"https:\/\/sp-berner.com\/en\/post\/sun-loungers-are-for-summer\/#primaryimage"},"image":{"@id":"https:\/\/sp-berner.com\/en\/post\/sun-loungers-are-for-summer\/#primaryimage"},"thumbnailUrl":"https:\/\/sp-berner.com\/wp-content\/uploads\/2023\/05\/shaf-sun-loungers-terraces-garden.jpg","datePublished":"2023-05-23T08:00:00+00:00","dateModified":"2023-09-04T07:13:38+00:00","description":"As we enter the run up to the end of May, we can't wait for the summer to come and enjoy the outdoors, the sun, lots of relaxation and moments for Celebrating Life at home.","breadcrumb":{"@id":"https:\/\/sp-berner.com\/en\/post\/sun-loungers-are-for-summer\/#breadcrumb"},"inLanguage":"en-US","potentialAction":[{"@type":"ReadAction","target":["https:\/\/sp-berner.com\/en\/post\/sun-loungers-are-for-summer\/"]}]},{"@type":"ImageObject","inLanguage":"en-US","@id":"https:\/\/sp-berner.com\/en\/post\/sun-loungers-are-for-summer\/#primaryimage","url":"https:\/\/sp-berner.com\/wp-content\/uploads\/2023\/05\/shaf-sun-loungers-terraces-garden.jpg","contentUrl":"https:\/\/sp-berner.com\/wp-content\/uploads\/2023\/05\/shaf-sun-loungers-terraces-garden.jpg","width":880,"height":342,"caption":"Sun loungers for terrace this summer"},{"@type":"BreadcrumbList","@id":"https:\/\/sp-berner.com\/en\/post\/sun-loungers-are-for-summer\/#breadcrumb","itemListElement":[{"@type":"ListItem","position":1,"name":"Inicio","item":"https:\/\/sp-berner.com\/en\/"},{"@type":"ListItem","position":2,"name":"Decoration","item":"https:\/\/sp-berner.com\/en\/post\/category\/decoration\/"},{"@type":"ListItem","position":3,"name":"Sun loungers are for summer"}]},{"@type":"WebSite","@id":"https:\/\/sp-berner.com\/en\/#website","url":"https:\/\/sp-berner.com\/en\/","name":"Sp-Berner","description":"Fabricantes l\u00edderes en la inyecci\u00f3n de pl\u00e1stico sostenible","publisher":{"@id":"https:\/\/sp-berner.com\/en\/#organization"},"alternateName":"Sp Berner","potentialAction":[{"@type":"SearchAction","target":{"@type":"EntryPoint","urlTemplate":"https:\/\/sp-berner.com\/en\/?s={search_term_string}"},"query-input":{"@type":"PropertyValueSpecification","valueRequired":true,"valueName":"search_term_string"}}],"inLanguage":"en-US"},{"@type":"Organization","@id":"https:\/\/sp-berner.com\/en\/#organization","name":"Sp-Berner","url":"https:\/\/sp-berner.com\/en\/","logo":{"@type":"ImageObject","inLanguage":"en-US","@id":"https:\/\/sp-berner.com\/en\/#\/schema\/logo\/image\/","url":"https:\/\/sp-berner.com\/wp-content\/uploads\/2023\/05\/sp-berner-color.svg","contentUrl":"https:\/\/sp-berner.com\/wp-content\/uploads\/2023\/05\/sp-berner-color.svg","width":344,"height":102,"caption":"Sp-Berner"},"image":{"@id":"https:\/\/sp-berner.com\/en\/#\/schema\/logo\/image\/"},"sameAs":["https:\/\/www.facebook.com\/SpBerner\/"]},{"@type":"Person","@id":"https:\/\/sp-berner.com\/en\/#\/schema\/person\/d82111c2a2e0d35005db18a9910409a3","name":"laclave"}]}},"_links":{"self":[{"href":"https:\/\/sp-berner.com\/en\/wp-json\/wp\/v2\/posts\/24863","targetHints":{"allow":["GET"]}}],"collection":[{"href":"https:\/\/sp-berner.com\/en\/wp-json\/wp\/v2\/posts"}],"about":[{"href":"https:\/\/sp-berner.com\/en\/wp-json\/wp\/v2\/types\/post"}],"author":[{"embeddable":true,"href":"https:\/\/sp-berner.com\/en\/wp-json\/wp\/v2\/users\/186"}],"replies":[{"embeddable":true,"href":"https:\/\/sp-berner.com\/en\/wp-json\/wp\/v2\/comments?post=24863"}],"version-history":[{"count":0,"href":"https:\/\/sp-berner.com\/en\/wp-json\/wp\/v2\/posts\/24863\/revisions"}],"wp:featuredmedia":[{"embeddable":true,"href":"https:\/\/sp-berner.com\/en\/wp-json\/wp\/v2\/media\/24890"}],"wp:attachment":[{"href":"https:\/\/sp-berner.com\/en\/wp-json\/wp\/v2\/media?parent=24863"}],"wp:term":[{"taxonomy":"category","embeddable":true,"href":"https:\/\/sp-berner.com\/en\/wp-json\/wp\/v2\/categories?post=24863"},{"taxonomy":"post_tag","embeddable":true,"href":"https:\/\/sp-berner.com\/en\/wp-json\/wp\/v2\/tags?post=24863"}],"curies":[{"name":"wp","href":"https:\/\/api.w.org\/{rel}","templated":true}]}}