{"id":24781,"date":"2023-03-15T12:46:00","date_gmt":"2023-03-15T12:46:00","guid":{"rendered":"https:\/\/sp-berner.com\/inma_bermudez_set_turia_antracita_shaf\/"},"modified":"2023-09-04T07:17:30","modified_gmt":"2023-09-04T07:17:30","slug":"inma-bermudez-and-details-turia-antracithe-set","status":"publish","type":"post","link":"https:\/\/sp-berner.com\/en\/post\/inma-bermudez-and-details-turia-antracithe-set\/","title":{"rendered":"Inma Berm\u00fadez and the details of our TURIA antracithe set"},"content":{"rendered":"\n<p>Sunshine, warmth, friends and to kick off the spring season as it deserves! &nbsp;<strong>The time has come to dress up your porch, your garden or your terrace<\/strong>&nbsp;as they deserve, with a set to match this celebration of life.<\/p>\n\n\n\n<p>You still haven&#8217;t seen our&nbsp;TURIA Anthracite set? This outdoor furniture set, comprising a&nbsp;<strong>two-seater sofa, two single armchairs and a central auxiliary table<\/strong>, is a very special collection.<\/p>\n\n\n\n<div class=\"wp-block-columns is-layout-flex wp-container-core-columns-is-layout-9d6595d7 wp-block-columns-is-layout-flex\">\n<div class=\"wp-block-column w-100 is-layout-flow wp-block-column-is-layout-flow\">\n<figure class=\"wp-block-image size-full\"><a href=\"https:\/\/sp-berner.com\/wp-content\/uploads\/2023\/08\/set-turia-shaf-muebles-jardin-1.jpg\"><img fetchpriority=\"high\" decoding=\"async\" width=\"600\" height=\"600\" src=\"https:\/\/sp-berner.com\/wp-content\/uploads\/2023\/08\/set-turia-shaf-muebles-jardin-1.jpg\" alt=\"Muebles Shaf, Set Turia\" class=\"wp-image-24301\" srcset=\"https:\/\/sp-berner.com\/wp-content\/uploads\/2023\/08\/set-turia-shaf-muebles-jardin-1.jpg 600w, https:\/\/sp-berner.com\/wp-content\/uploads\/2023\/08\/set-turia-shaf-muebles-jardin-1-400x400.jpg 400w, https:\/\/sp-berner.com\/wp-content\/uploads\/2023\/08\/set-turia-shaf-muebles-jardin-1-32x32.jpg 32w, https:\/\/sp-berner.com\/wp-content\/uploads\/2023\/08\/set-turia-shaf-muebles-jardin-1-100x100.jpg 100w, https:\/\/sp-berner.com\/wp-content\/uploads\/2023\/08\/set-turia-shaf-muebles-jardin-1-300x300.jpg 300w, https:\/\/sp-berner.com\/wp-content\/uploads\/2023\/08\/set-turia-shaf-muebles-jardin-1-50x50.jpg 50w\" sizes=\"(max-width: 600px) 100vw, 600px\" \/><\/a><\/figure>\n<\/div>\n\n\n\n<div class=\"wp-block-column w-100 is-layout-flow wp-block-column-is-layout-flow\">\n<figure class=\"wp-block-image size-full\"><a href=\"https:\/\/sp-berner.com\/wp-content\/uploads\/2023\/08\/set-turia-shaf-muebles-jardin-2.jpg\"><img decoding=\"async\" width=\"600\" height=\"600\" src=\"https:\/\/sp-berner.com\/wp-content\/uploads\/2023\/08\/set-turia-shaf-muebles-jardin-2.jpg\" alt=\"\" class=\"wp-image-24304\" srcset=\"https:\/\/sp-berner.com\/wp-content\/uploads\/2023\/08\/set-turia-shaf-muebles-jardin-2.jpg 600w, https:\/\/sp-berner.com\/wp-content\/uploads\/2023\/08\/set-turia-shaf-muebles-jardin-2-400x400.jpg 400w, https:\/\/sp-berner.com\/wp-content\/uploads\/2023\/08\/set-turia-shaf-muebles-jardin-2-32x32.jpg 32w, https:\/\/sp-berner.com\/wp-content\/uploads\/2023\/08\/set-turia-shaf-muebles-jardin-2-100x100.jpg 100w, https:\/\/sp-berner.com\/wp-content\/uploads\/2023\/08\/set-turia-shaf-muebles-jardin-2-300x300.jpg 300w, https:\/\/sp-berner.com\/wp-content\/uploads\/2023\/08\/set-turia-shaf-muebles-jardin-2-50x50.jpg 50w\" sizes=\"(max-width: 600px) 100vw, 600px\" \/><\/a><\/figure>\n<\/div>\n\n\n\n<div class=\"wp-block-column w-100 is-layout-flow wp-block-column-is-layout-flow\">\n<figure class=\"wp-block-image size-full\"><a href=\"https:\/\/sp-berner.com\/wp-content\/uploads\/2023\/08\/set-turia-shaf-muebles-jardin-3.jpg\"><img decoding=\"async\" width=\"600\" height=\"600\" src=\"https:\/\/sp-berner.com\/wp-content\/uploads\/2023\/08\/set-turia-shaf-muebles-jardin-3.jpg\" alt=\"\" class=\"wp-image-24309\" srcset=\"https:\/\/sp-berner.com\/wp-content\/uploads\/2023\/08\/set-turia-shaf-muebles-jardin-3.jpg 600w, https:\/\/sp-berner.com\/wp-content\/uploads\/2023\/08\/set-turia-shaf-muebles-jardin-3-400x400.jpg 400w, https:\/\/sp-berner.com\/wp-content\/uploads\/2023\/08\/set-turia-shaf-muebles-jardin-3-32x32.jpg 32w, https:\/\/sp-berner.com\/wp-content\/uploads\/2023\/08\/set-turia-shaf-muebles-jardin-3-100x100.jpg 100w, https:\/\/sp-berner.com\/wp-content\/uploads\/2023\/08\/set-turia-shaf-muebles-jardin-3-300x300.jpg 300w, https:\/\/sp-berner.com\/wp-content\/uploads\/2023\/08\/set-turia-shaf-muebles-jardin-3-50x50.jpg 50w\" sizes=\"(max-width: 600px) 100vw, 600px\" \/><\/a><\/figure>\n<\/div>\n<\/div>\n\n\n\n<p>Designed in&nbsp;<strong>recycled plastic resin<\/strong>, with rounded lines, super comfortable and in an Anthracite colour it will fit in any kind of space and will be the envy of the neighbourhood.<\/p>\n\n\n\n<br><br>\n\n\n\n<div class=\"wp-block-columns is-layout-flex wp-container-core-columns-is-layout-9d6595d7 wp-block-columns-is-layout-flex\">\n<div class=\"wp-block-column w-100 is-layout-flow wp-block-column-is-layout-flow\" style=\"flex-basis:33.33%\">\n<figure class=\"wp-block-image size-full\"><img loading=\"lazy\" decoding=\"async\" width=\"600\" height=\"600\" src=\"https:\/\/sp-berner.com\/wp-content\/uploads\/2023\/08\/SHAF230215_POST_TURIANOVA.jpg\" alt=\"SET TURIA\" class=\"wp-image-24298\" srcset=\"https:\/\/sp-berner.com\/wp-content\/uploads\/2023\/08\/SHAF230215_POST_TURIANOVA.jpg 600w, https:\/\/sp-berner.com\/wp-content\/uploads\/2023\/08\/SHAF230215_POST_TURIANOVA-400x400.jpg 400w, https:\/\/sp-berner.com\/wp-content\/uploads\/2023\/08\/SHAF230215_POST_TURIANOVA-32x32.jpg 32w, https:\/\/sp-berner.com\/wp-content\/uploads\/2023\/08\/SHAF230215_POST_TURIANOVA-100x100.jpg 100w, https:\/\/sp-berner.com\/wp-content\/uploads\/2023\/08\/SHAF230215_POST_TURIANOVA-300x300.jpg 300w, https:\/\/sp-berner.com\/wp-content\/uploads\/2023\/08\/SHAF230215_POST_TURIANOVA-50x50.jpg 50w\" sizes=\"(max-width: 600px) 100vw, 600px\" \/><\/figure>\n<\/div>\n\n\n\n<div class=\"wp-block-column is-layout-flow wp-block-column-is-layout-flow\" style=\"flex-basis:66.66%\">\n<h2 class=\"wp-block-heading\">Did you know that at SHAF,&nbsp;we have also had the immense pleasure of counting on the Design of Inma Berm\u00fadez?<\/h2>\n\n\n\n<p>Inma Berm\u00fadez, Industrial Designer from Valencia and trained at the School of Applied Sciences and Design in Pforzheim (Germany), started her professional career in design working for German design studios such as IDEA (<a href=\"http:\/\/www.idea-taurus.de\/\">www.idea-taurus.de<\/a>), BUSSE DESIGN (<a href=\"http:\/\/www.bussedesign.com\/\">www.bussedesign.com<\/a>) and PRODESIGN (<a href=\"http:\/\/www.prodesign-ulm.de\/\">www.prodesign-ulm.de<\/a>).<\/p>\n\n\n\n<p>In 2007 she founded her own design studio,&nbsp;<a href=\"https:\/\/inmabermudez.com\/\">Studio Inma Berm\u00fadez<\/a> based in Valencia. &nbsp;<strong>What could be better than having a Valencian designer create a sustainable design&nbsp;<\/strong><em><strong>made in la terreta?<\/strong><\/em><\/p>\n\n\n\n<p>Her work focuses mainly on furniture, lighting and accessories, but she is always happy and curious to work in new fields.<\/p>\n\n\n\n<p>In her studio she develops products for different companies all over the world, for example, Spain, France, Portugal, Germany, Sweden, India and Colombia, as well as teaching in different Design Schools.<\/p>\n<\/div>\n<\/div>\n\n\n\n<br><br>\n\n\n\n<h2 class=\"wp-block-heading\">Do you want to know more about Inma? Here are some details about Inma and her TURIA set design.<\/h2>\n\n\n\n<p><em><em><strong>What has it meant for you to receive the NATIONAL DESIGN AWARD 2022?<\/strong><\/em><\/em><\/p>\n\n\n\n<p>It was a surprise because although I put in for it, I didn&#8217;t think I would get it. It is an award which recognises my professional career and I still consider myself young ;). In fact, I am the third woman and the youngest to receive it. I hope it will help give other women an introduction as there is a need for female role models not only in the field of design.<\/p>\n\n\n\n<p><em><em><strong>What inspired you to create the Turia set?<\/strong><\/em><\/em><\/p>\n\n\n\n<p>Clearly my inspiration was the hand-woven wicker and rattan furniture that was very common on porches and terraces in the 70s and 80s.<\/p>\n\n\n\n<p><em><strong><em>What is so special about this set for you?<\/em>&nbsp;<em>How do you think it differs from what is on the market?<\/em><\/strong><\/em><\/p>\n\n\n\n<p>The special thing about the TURIA set is its formal language, its timeless aesthetics with no sharp or hard edges, and this is exactly what sets it apart from what is available on the market. Straight, hard designs are the norm for this type of product, facilitating its technical development. But with the TURIA Set we wanted to innovate and make the textures which imitate braided fibres come out on curved surfaces. A difficult challenge, but one that we have met with great success.<\/p>\n\n\n\n<p>If you are looking for a contemporary and timeless design, you will no longer be in any doubt about which outdoor furniture set to choose. <strong>Your complete TURIA SET at SHAF!<\/strong><\/p>\n","protected":false},"excerpt":{"rendered":"<p>Sunshine, warmth, friends and to kick off the spring season as it deserves! &nbsp;The time has come to dress up your porch, your garden or your terrace&nbsp;as they deserve, with a set to match this celebration of life. You still haven&#8217;t seen our&nbsp;TURIA Anthracite set? This outdoor furniture set, comprising a&nbsp;two-seater sofa, two single armchairs [&#8230;]<\/p>\n<p><a class=\"btn btn-secondary understrap-read-more-link\" href=\"https:\/\/sp-berner.com\/en\/post\/inma-bermudez-and-details-turia-antracithe-set\/\">Read More&#8230;<span class=\"screen-reader-text\"> from Inma Berm\u00fadez and the details of our TURIA antracithe set<\/span><\/a><\/p>\n","protected":false},"author":186,"featured_media":24296,"comment_status":"closed","ping_status":"closed","sticky":false,"template":"","format":"standard","meta":{"_acf_changed":false,"footnotes":""},"categories":[1,269],"tags":[],"class_list":["post-24781","post","type-post","status-publish","format-standard","has-post-thumbnail","hentry","category-uncategorized","category-decoration"],"acf":[],"yoast_head":"<!-- This site is optimized with the Yoast SEO plugin v27.3 - https:\/\/yoast.com\/product\/yoast-seo-wordpress\/ -->\n<title>Inma Berm\u00fadez and the details of our Turia antracithe set<\/title>\n<meta name=\"description\" content=\"You still haven&#039;t seen our TURIA Anthracite set? This outdoor furniture set, comprising a two-seater sofa, two single armchairs and a central auxiliary table, is a very special collection.\" \/>\n<meta name=\"robots\" content=\"index, follow, max-snippet:-1, max-image-preview:large, max-video-preview:-1\" \/>\n<link rel=\"canonical\" href=\"https:\/\/sp-berner.com\/en\/post\/inma-bermudez-and-details-turia-antracithe-set\/\" \/>\n<meta property=\"og:locale\" content=\"en_US\" \/>\n<meta property=\"og:type\" content=\"article\" \/>\n<meta property=\"og:title\" content=\"Inma Berm\u00fadez and the details of our Turia antracithe set\" \/>\n<meta property=\"og:description\" content=\"You still haven&#039;t seen our TURIA Anthracite set? This outdoor furniture set, comprising a two-seater sofa, two single armchairs and a central auxiliary table, is a very special collection.\" \/>\n<meta property=\"og:url\" content=\"https:\/\/sp-berner.com\/en\/post\/inma-bermudez-and-details-turia-antracithe-set\/\" \/>\n<meta property=\"og:site_name\" content=\"Sp Berner\" \/>\n<meta property=\"article:publisher\" content=\"https:\/\/www.facebook.com\/SpBerner\/\" \/>\n<meta property=\"article:published_time\" content=\"2023-03-15T12:46:00+00:00\" \/>\n<meta property=\"article:modified_time\" content=\"2023-09-04T07:17:30+00:00\" \/>\n<meta property=\"og:image\" content=\"https:\/\/sp-berner.com\/wp-content\/uploads\/2023\/08\/PORTADA_BLOG_TURIANOVA.jpg\" \/>\n\t<meta property=\"og:image:width\" content=\"880\" \/>\n\t<meta property=\"og:image:height\" content=\"341\" \/>\n\t<meta property=\"og:image:type\" content=\"image\/jpeg\" \/>\n<meta name=\"author\" content=\"laclave\" \/>\n<meta name=\"twitter:card\" content=\"summary_large_image\" \/>\n<meta name=\"twitter:label1\" content=\"Written by\" \/>\n\t<meta name=\"twitter:data1\" content=\"laclave\" \/>\n\t<meta name=\"twitter:label2\" content=\"Est. reading time\" \/>\n\t<meta name=\"twitter:data2\" content=\"4 minutes\" \/>\n<script type=\"application\/ld+json\" class=\"yoast-schema-graph\">{\"@context\":\"https:\\\/\\\/schema.org\",\"@graph\":[{\"@type\":\"Article\",\"@id\":\"https:\\\/\\\/sp-berner.com\\\/en\\\/post\\\/inma-bermudez-and-details-turia-antracithe-set\\\/#article\",\"isPartOf\":{\"@id\":\"https:\\\/\\\/sp-berner.com\\\/en\\\/post\\\/inma-bermudez-and-details-turia-antracithe-set\\\/\"},\"author\":{\"name\":\"laclave\",\"@id\":\"https:\\\/\\\/sp-berner.com\\\/en\\\/#\\\/schema\\\/person\\\/d82111c2a2e0d35005db18a9910409a3\"},\"headline\":\"Inma Berm\u00fadez and the details of our TURIA antracithe set\",\"datePublished\":\"2023-03-15T12:46:00+00:00\",\"dateModified\":\"2023-09-04T07:17:30+00:00\",\"mainEntityOfPage\":{\"@id\":\"https:\\\/\\\/sp-berner.com\\\/en\\\/post\\\/inma-bermudez-and-details-turia-antracithe-set\\\/\"},\"wordCount\":542,\"publisher\":{\"@id\":\"https:\\\/\\\/sp-berner.com\\\/en\\\/#organization\"},\"image\":{\"@id\":\"https:\\\/\\\/sp-berner.com\\\/en\\\/post\\\/inma-bermudez-and-details-turia-antracithe-set\\\/#primaryimage\"},\"thumbnailUrl\":\"https:\\\/\\\/sp-berner.com\\\/wp-content\\\/uploads\\\/2023\\\/08\\\/PORTADA_BLOG_TURIANOVA.jpg\",\"articleSection\":{\"1\":\"Decoration\"},\"inLanguage\":\"en-US\"},{\"@type\":\"WebPage\",\"@id\":\"https:\\\/\\\/sp-berner.com\\\/en\\\/post\\\/inma-bermudez-and-details-turia-antracithe-set\\\/\",\"url\":\"https:\\\/\\\/sp-berner.com\\\/en\\\/post\\\/inma-bermudez-and-details-turia-antracithe-set\\\/\",\"name\":\"Inma Berm\u00fadez and the details of our Turia antracithe set\",\"isPartOf\":{\"@id\":\"https:\\\/\\\/sp-berner.com\\\/en\\\/#website\"},\"primaryImageOfPage\":{\"@id\":\"https:\\\/\\\/sp-berner.com\\\/en\\\/post\\\/inma-bermudez-and-details-turia-antracithe-set\\\/#primaryimage\"},\"image\":{\"@id\":\"https:\\\/\\\/sp-berner.com\\\/en\\\/post\\\/inma-bermudez-and-details-turia-antracithe-set\\\/#primaryimage\"},\"thumbnailUrl\":\"https:\\\/\\\/sp-berner.com\\\/wp-content\\\/uploads\\\/2023\\\/08\\\/PORTADA_BLOG_TURIANOVA.jpg\",\"datePublished\":\"2023-03-15T12:46:00+00:00\",\"dateModified\":\"2023-09-04T07:17:30+00:00\",\"description\":\"You still haven't seen our TURIA Anthracite set? This outdoor furniture set, comprising a two-seater sofa, two single armchairs and a central auxiliary table, is a very special collection.\",\"breadcrumb\":{\"@id\":\"https:\\\/\\\/sp-berner.com\\\/en\\\/post\\\/inma-bermudez-and-details-turia-antracithe-set\\\/#breadcrumb\"},\"inLanguage\":\"en-US\",\"potentialAction\":[{\"@type\":\"ReadAction\",\"target\":[\"https:\\\/\\\/sp-berner.com\\\/en\\\/post\\\/inma-bermudez-and-details-turia-antracithe-set\\\/\"]}]},{\"@type\":\"ImageObject\",\"inLanguage\":\"en-US\",\"@id\":\"https:\\\/\\\/sp-berner.com\\\/en\\\/post\\\/inma-bermudez-and-details-turia-antracithe-set\\\/#primaryimage\",\"url\":\"https:\\\/\\\/sp-berner.com\\\/wp-content\\\/uploads\\\/2023\\\/08\\\/PORTADA_BLOG_TURIANOVA.jpg\",\"contentUrl\":\"https:\\\/\\\/sp-berner.com\\\/wp-content\\\/uploads\\\/2023\\\/08\\\/PORTADA_BLOG_TURIANOVA.jpg\",\"width\":880,\"height\":341},{\"@type\":\"BreadcrumbList\",\"@id\":\"https:\\\/\\\/sp-berner.com\\\/en\\\/post\\\/inma-bermudez-and-details-turia-antracithe-set\\\/#breadcrumb\",\"itemListElement\":[{\"@type\":\"ListItem\",\"position\":1,\"name\":\"Inicio\",\"item\":\"https:\\\/\\\/sp-berner.com\\\/en\\\/\"},{\"@type\":\"ListItem\",\"position\":2,\"name\":\"Decoration\",\"item\":\"https:\\\/\\\/sp-berner.com\\\/en\\\/post\\\/category\\\/decoration\\\/\"},{\"@type\":\"ListItem\",\"position\":3,\"name\":\"Inma Berm\u00fadez and the details of our TURIA antracithe set\"}]},{\"@type\":\"WebSite\",\"@id\":\"https:\\\/\\\/sp-berner.com\\\/en\\\/#website\",\"url\":\"https:\\\/\\\/sp-berner.com\\\/en\\\/\",\"name\":\"Sp-Berner\",\"description\":\"Fabricantes l\u00edderes en la inyecci\u00f3n de pl\u00e1stico sostenible\",\"publisher\":{\"@id\":\"https:\\\/\\\/sp-berner.com\\\/en\\\/#organization\"},\"alternateName\":\"Sp Berner\",\"potentialAction\":[{\"@type\":\"SearchAction\",\"target\":{\"@type\":\"EntryPoint\",\"urlTemplate\":\"https:\\\/\\\/sp-berner.com\\\/en\\\/?s={search_term_string}\"},\"query-input\":{\"@type\":\"PropertyValueSpecification\",\"valueRequired\":true,\"valueName\":\"search_term_string\"}}],\"inLanguage\":\"en-US\"},{\"@type\":\"Organization\",\"@id\":\"https:\\\/\\\/sp-berner.com\\\/en\\\/#organization\",\"name\":\"Sp-Berner\",\"url\":\"https:\\\/\\\/sp-berner.com\\\/en\\\/\",\"logo\":{\"@type\":\"ImageObject\",\"inLanguage\":\"en-US\",\"@id\":\"https:\\\/\\\/sp-berner.com\\\/en\\\/#\\\/schema\\\/logo\\\/image\\\/\",\"url\":\"https:\\\/\\\/sp-berner.com\\\/wp-content\\\/uploads\\\/2023\\\/05\\\/sp-berner-color.svg\",\"contentUrl\":\"https:\\\/\\\/sp-berner.com\\\/wp-content\\\/uploads\\\/2023\\\/05\\\/sp-berner-color.svg\",\"width\":344,\"height\":102,\"caption\":\"Sp-Berner\"},\"image\":{\"@id\":\"https:\\\/\\\/sp-berner.com\\\/en\\\/#\\\/schema\\\/logo\\\/image\\\/\"},\"sameAs\":[\"https:\\\/\\\/www.facebook.com\\\/SpBerner\\\/\"]},{\"@type\":\"Person\",\"@id\":\"https:\\\/\\\/sp-berner.com\\\/en\\\/#\\\/schema\\\/person\\\/d82111c2a2e0d35005db18a9910409a3\",\"name\":\"laclave\"}]}<\/script>\n<!-- \/ Yoast SEO plugin. -->","yoast_head_json":{"title":"Inma Berm\u00fadez and the details of our Turia antracithe set","description":"You still haven't seen our TURIA Anthracite set? This outdoor furniture set, comprising a two-seater sofa, two single armchairs and a central auxiliary table, is a very special collection.","robots":{"index":"index","follow":"follow","max-snippet":"max-snippet:-1","max-image-preview":"max-image-preview:large","max-video-preview":"max-video-preview:-1"},"canonical":"https:\/\/sp-berner.com\/en\/post\/inma-bermudez-and-details-turia-antracithe-set\/","og_locale":"en_US","og_type":"article","og_title":"Inma Berm\u00fadez and the details of our Turia antracithe set","og_description":"You still haven't seen our TURIA Anthracite set? This outdoor furniture set, comprising a two-seater sofa, two single armchairs and a central auxiliary table, is a very special collection.","og_url":"https:\/\/sp-berner.com\/en\/post\/inma-bermudez-and-details-turia-antracithe-set\/","og_site_name":"Sp Berner","article_publisher":"https:\/\/www.facebook.com\/SpBerner\/","article_published_time":"2023-03-15T12:46:00+00:00","article_modified_time":"2023-09-04T07:17:30+00:00","og_image":[{"width":880,"height":341,"url":"https:\/\/sp-berner.com\/wp-content\/uploads\/2023\/08\/PORTADA_BLOG_TURIANOVA.jpg","type":"image\/jpeg"}],"author":"laclave","twitter_card":"summary_large_image","twitter_misc":{"Written by":"laclave","Est. reading time":"4 minutes"},"schema":{"@context":"https:\/\/schema.org","@graph":[{"@type":"Article","@id":"https:\/\/sp-berner.com\/en\/post\/inma-bermudez-and-details-turia-antracithe-set\/#article","isPartOf":{"@id":"https:\/\/sp-berner.com\/en\/post\/inma-bermudez-and-details-turia-antracithe-set\/"},"author":{"name":"laclave","@id":"https:\/\/sp-berner.com\/en\/#\/schema\/person\/d82111c2a2e0d35005db18a9910409a3"},"headline":"Inma Berm\u00fadez and the details of our TURIA antracithe set","datePublished":"2023-03-15T12:46:00+00:00","dateModified":"2023-09-04T07:17:30+00:00","mainEntityOfPage":{"@id":"https:\/\/sp-berner.com\/en\/post\/inma-bermudez-and-details-turia-antracithe-set\/"},"wordCount":542,"publisher":{"@id":"https:\/\/sp-berner.com\/en\/#organization"},"image":{"@id":"https:\/\/sp-berner.com\/en\/post\/inma-bermudez-and-details-turia-antracithe-set\/#primaryimage"},"thumbnailUrl":"https:\/\/sp-berner.com\/wp-content\/uploads\/2023\/08\/PORTADA_BLOG_TURIANOVA.jpg","articleSection":{"1":"Decoration"},"inLanguage":"en-US"},{"@type":"WebPage","@id":"https:\/\/sp-berner.com\/en\/post\/inma-bermudez-and-details-turia-antracithe-set\/","url":"https:\/\/sp-berner.com\/en\/post\/inma-bermudez-and-details-turia-antracithe-set\/","name":"Inma Berm\u00fadez and the details of our Turia antracithe set","isPartOf":{"@id":"https:\/\/sp-berner.com\/en\/#website"},"primaryImageOfPage":{"@id":"https:\/\/sp-berner.com\/en\/post\/inma-bermudez-and-details-turia-antracithe-set\/#primaryimage"},"image":{"@id":"https:\/\/sp-berner.com\/en\/post\/inma-bermudez-and-details-turia-antracithe-set\/#primaryimage"},"thumbnailUrl":"https:\/\/sp-berner.com\/wp-content\/uploads\/2023\/08\/PORTADA_BLOG_TURIANOVA.jpg","datePublished":"2023-03-15T12:46:00+00:00","dateModified":"2023-09-04T07:17:30+00:00","description":"You still haven't seen our TURIA Anthracite set? This outdoor furniture set, comprising a two-seater sofa, two single armchairs and a central auxiliary table, is a very special collection.","breadcrumb":{"@id":"https:\/\/sp-berner.com\/en\/post\/inma-bermudez-and-details-turia-antracithe-set\/#breadcrumb"},"inLanguage":"en-US","potentialAction":[{"@type":"ReadAction","target":["https:\/\/sp-berner.com\/en\/post\/inma-bermudez-and-details-turia-antracithe-set\/"]}]},{"@type":"ImageObject","inLanguage":"en-US","@id":"https:\/\/sp-berner.com\/en\/post\/inma-bermudez-and-details-turia-antracithe-set\/#primaryimage","url":"https:\/\/sp-berner.com\/wp-content\/uploads\/2023\/08\/PORTADA_BLOG_TURIANOVA.jpg","contentUrl":"https:\/\/sp-berner.com\/wp-content\/uploads\/2023\/08\/PORTADA_BLOG_TURIANOVA.jpg","width":880,"height":341},{"@type":"BreadcrumbList","@id":"https:\/\/sp-berner.com\/en\/post\/inma-bermudez-and-details-turia-antracithe-set\/#breadcrumb","itemListElement":[{"@type":"ListItem","position":1,"name":"Inicio","item":"https:\/\/sp-berner.com\/en\/"},{"@type":"ListItem","position":2,"name":"Decoration","item":"https:\/\/sp-berner.com\/en\/post\/category\/decoration\/"},{"@type":"ListItem","position":3,"name":"Inma Berm\u00fadez and the details of our TURIA antracithe set"}]},{"@type":"WebSite","@id":"https:\/\/sp-berner.com\/en\/#website","url":"https:\/\/sp-berner.com\/en\/","name":"Sp-Berner","description":"Fabricantes l\u00edderes en la inyecci\u00f3n de pl\u00e1stico sostenible","publisher":{"@id":"https:\/\/sp-berner.com\/en\/#organization"},"alternateName":"Sp Berner","potentialAction":[{"@type":"SearchAction","target":{"@type":"EntryPoint","urlTemplate":"https:\/\/sp-berner.com\/en\/?s={search_term_string}"},"query-input":{"@type":"PropertyValueSpecification","valueRequired":true,"valueName":"search_term_string"}}],"inLanguage":"en-US"},{"@type":"Organization","@id":"https:\/\/sp-berner.com\/en\/#organization","name":"Sp-Berner","url":"https:\/\/sp-berner.com\/en\/","logo":{"@type":"ImageObject","inLanguage":"en-US","@id":"https:\/\/sp-berner.com\/en\/#\/schema\/logo\/image\/","url":"https:\/\/sp-berner.com\/wp-content\/uploads\/2023\/05\/sp-berner-color.svg","contentUrl":"https:\/\/sp-berner.com\/wp-content\/uploads\/2023\/05\/sp-berner-color.svg","width":344,"height":102,"caption":"Sp-Berner"},"image":{"@id":"https:\/\/sp-berner.com\/en\/#\/schema\/logo\/image\/"},"sameAs":["https:\/\/www.facebook.com\/SpBerner\/"]},{"@type":"Person","@id":"https:\/\/sp-berner.com\/en\/#\/schema\/person\/d82111c2a2e0d35005db18a9910409a3","name":"laclave"}]}},"_links":{"self":[{"href":"https:\/\/sp-berner.com\/en\/wp-json\/wp\/v2\/posts\/24781","targetHints":{"allow":["GET"]}}],"collection":[{"href":"https:\/\/sp-berner.com\/en\/wp-json\/wp\/v2\/posts"}],"about":[{"href":"https:\/\/sp-berner.com\/en\/wp-json\/wp\/v2\/types\/post"}],"author":[{"embeddable":true,"href":"https:\/\/sp-berner.com\/en\/wp-json\/wp\/v2\/users\/186"}],"replies":[{"embeddable":true,"href":"https:\/\/sp-berner.com\/en\/wp-json\/wp\/v2\/comments?post=24781"}],"version-history":[{"count":0,"href":"https:\/\/sp-berner.com\/en\/wp-json\/wp\/v2\/posts\/24781\/revisions"}],"wp:featuredmedia":[{"embeddable":true,"href":"https:\/\/sp-berner.com\/en\/wp-json\/wp\/v2\/media\/24296"}],"wp:attachment":[{"href":"https:\/\/sp-berner.com\/en\/wp-json\/wp\/v2\/media?parent=24781"}],"wp:term":[{"taxonomy":"category","embeddable":true,"href":"https:\/\/sp-berner.com\/en\/wp-json\/wp\/v2\/categories?post=24781"},{"taxonomy":"post_tag","embeddable":true,"href":"https:\/\/sp-berner.com\/en\/wp-json\/wp\/v2\/tags?post=24781"}],"curies":[{"name":"wp","href":"https:\/\/api.w.org\/{rel}","templated":true}]}}