{"id":24720,"date":"2023-07-05T10:16:00","date_gmt":"2023-07-05T10:16:00","guid":{"rendered":"https:\/\/sp-berner.com\/5-ideas-deco-para-darle-vida-a-tu-terraza-este-verano\/"},"modified":"2023-09-04T08:26:03","modified_gmt":"2023-09-04T08:26:03","slug":"5-deco-ideas-to-liven-up-your-terrace-this-summer","status":"publish","type":"post","link":"https:\/\/sp-berner.com\/en\/post\/5-deco-ideas-to-liven-up-your-terrace-this-summer\/","title":{"rendered":"5 deco ideas to liven up your terrace this summer"},"content":{"rendered":"\n<p><\/p>\n\n\n\n<p>It&#8217;s the time to transform your terrace or garden into an enjoyable, fresh space with that little bit of style that we like so much. It&#8217;s time to get outdoors and make the most of our spaces at home or in the chalet. If you are looking for ideas to decorate your outdoor space, you are in the perfect place. In this post, we present you with five creative, refreshing and economical ideas to decorate your terrace or garden this summer. Get ready to create a cosy atmosphere full of details!<\/p>\n\n\n\n<h2 class=\"wp-block-heading\"><strong>Rest areas with cushions and mats<\/strong><\/h2>\n\n\n\n<p>On your chaiselongue, your sofa or your armchairs.&nbsp;Create a comfortable and cosy seating area using cushions and mats. You can choose from a palette of&nbsp;<strong>bright, summery colours<\/strong>&nbsp;to brighten up the space. Place large cushions on the furniture and on the floor to create&nbsp;<strong>a relaxed atmosphere with the warmth of textiles<\/strong>. It will be the perfect place to enjoy a siesta in the open air or an afternoon of reading in the sun!<\/p>\n\n\n\n<div class=\"wp-block-columns is-layout-flex wp-container-core-columns-is-layout-9d6595d7 wp-block-columns-is-layout-flex\">\n<div class=\"wp-block-column is-layout-flow wp-block-column-is-layout-flow\">\n<figure class=\"wp-block-image size-medium\"><a href=\"https:\/\/sp-berner.com\/wp-content\/uploads\/2023\/08\/iStock-1300794918-1.jpg\"><img fetchpriority=\"high\" decoding=\"async\" width=\"700\" height=\"467\" src=\"https:\/\/sp-berner.com\/wp-content\/uploads\/2023\/08\/iStock-1300794918-1-700x467.jpg\" alt=\"dise\u00f1o cojines para jardin\" class=\"wp-image-23856\" srcset=\"https:\/\/sp-berner.com\/wp-content\/uploads\/2023\/08\/iStock-1300794918-1-700x467.jpg 700w, https:\/\/sp-berner.com\/wp-content\/uploads\/2023\/08\/iStock-1300794918-1-600x400.jpg 600w, https:\/\/sp-berner.com\/wp-content\/uploads\/2023\/08\/iStock-1300794918-1.jpg 724w\" sizes=\"(max-width: 700px) 100vw, 700px\" \/><\/a><\/figure>\n<\/div>\n\n\n\n<div class=\"wp-block-column is-layout-flow wp-block-column-is-layout-flow\">\n<figure class=\"wp-block-image size-medium\"><a href=\"https:\/\/sp-berner.com\/wp-content\/uploads\/2023\/08\/iStock-1476154389-1.jpg\"><img decoding=\"async\" width=\"700\" height=\"467\" src=\"https:\/\/sp-berner.com\/wp-content\/uploads\/2023\/08\/iStock-1476154389-1-700x467.jpg\" alt=\"cojines en el jard\u00edn\" class=\"wp-image-23859\" srcset=\"https:\/\/sp-berner.com\/wp-content\/uploads\/2023\/08\/iStock-1476154389-1-700x467.jpg 700w, https:\/\/sp-berner.com\/wp-content\/uploads\/2023\/08\/iStock-1476154389-1-600x400.jpg 600w, https:\/\/sp-berner.com\/wp-content\/uploads\/2023\/08\/iStock-1476154389-1.jpg 724w\" sizes=\"(max-width: 700px) 100vw, 700px\" \/><\/a><\/figure>\n<\/div>\n<\/div>\n\n\n\n<h2 class=\"wp-block-heading\">Ambient lighting with pendant lights, lanterns or candles<\/h2>\n\n\n\n<p>Do you want to create a romantic and magical atmosphere on your terrace or in your garden? You can achieve this with hanging lights, lanterns or candles. <strong>Garlands of white or warm coloured lights<\/strong>&nbsp;are ideal for creating soft and cosy lighting during summer evenings. You can hang them between trees, on the terrace roof or along a fence or railing. <strong>Lanterns<\/strong>&nbsp;are ideal for placing at the foot of the sofa or armchair. And&nbsp;<strong>candles<\/strong>&nbsp;are perfect for your&nbsp;high or side tables.&nbsp;With this lighting point you will create&nbsp;<strong>a charming atmosphere&nbsp;<\/strong>to enjoy your outdoor space even after the sun goes down.<\/p>\n\n\n\n<div class=\"wp-block-columns is-layout-flex wp-container-core-columns-is-layout-9d6595d7 wp-block-columns-is-layout-flex\">\n<div class=\"wp-block-column is-layout-flow wp-block-column-is-layout-flow\">\n<figure class=\"wp-block-image size-full\"><a href=\"https:\/\/sp-berner.com\/wp-content\/uploads\/2023\/08\/iStock-1135183699.jpg\"><img decoding=\"async\" width=\"724\" height=\"483\" src=\"https:\/\/sp-berner.com\/wp-content\/uploads\/2023\/08\/iStock-1135183699.jpg\" alt=\"Iluminaci\u00f3n jard\u00edn\" class=\"wp-image-23867\" srcset=\"https:\/\/sp-berner.com\/wp-content\/uploads\/2023\/08\/iStock-1135183699.jpg 724w, https:\/\/sp-berner.com\/wp-content\/uploads\/2023\/08\/iStock-1135183699-700x467.jpg 700w, https:\/\/sp-berner.com\/wp-content\/uploads\/2023\/08\/iStock-1135183699-600x400.jpg 600w\" sizes=\"(max-width: 724px) 100vw, 724px\" \/><\/a><\/figure>\n<\/div>\n\n\n\n<div class=\"wp-block-column is-layout-flow wp-block-column-is-layout-flow\">\n<figure class=\"wp-block-image size-full\"><a href=\"https:\/\/sp-berner.com\/wp-content\/uploads\/2023\/08\/iStock-1356934194.jpg\"><img loading=\"lazy\" decoding=\"async\" width=\"724\" height=\"483\" src=\"https:\/\/sp-berner.com\/wp-content\/uploads\/2023\/08\/iStock-1356934194.jpg\" alt=\"Iluminaci\u00f3n jardines\" class=\"wp-image-23873\" srcset=\"https:\/\/sp-berner.com\/wp-content\/uploads\/2023\/08\/iStock-1356934194.jpg 724w, https:\/\/sp-berner.com\/wp-content\/uploads\/2023\/08\/iStock-1356934194-700x467.jpg 700w, https:\/\/sp-berner.com\/wp-content\/uploads\/2023\/08\/iStock-1356934194-600x400.jpg 600w\" sizes=\"(max-width: 724px) 100vw, 724px\" \/><\/a><\/figure>\n<\/div>\n<\/div>\n\n\n\n<h2 class=\"wp-block-heading\">It\u2019s easy being green!<\/h2>\n\n\n\n<p>You can\u2019t go wrong with green corners of plants and pots which create lively green spaces on your terrace or in your garden.&nbsp;<strong>Let your imagination run free.<\/strong>&nbsp;Place pots of different sizes and shapes and&nbsp;<strong>combine colourful plants and flowers<\/strong>. You can opt for hanging plants, such as vines, for a bohemian look, or large-leaved plants for a more tropical feel. You don\u2019t need to travel to see nature, bring it to your terrace!<\/p>\n\n\n\n<figure class=\"wp-block-image size-full\"><img loading=\"lazy\" decoding=\"async\" width=\"724\" height=\"483\" src=\"https:\/\/sp-berner.com\/wp-content\/uploads\/2023\/08\/iStock-957245348.jpg\" alt=\"jardines con muebles Shaf\" class=\"wp-image-23881\" srcset=\"https:\/\/sp-berner.com\/wp-content\/uploads\/2023\/08\/iStock-957245348.jpg 724w, https:\/\/sp-berner.com\/wp-content\/uploads\/2023\/08\/iStock-957245348-700x467.jpg 700w, https:\/\/sp-berner.com\/wp-content\/uploads\/2023\/08\/iStock-957245348-600x400.jpg 600w\" sizes=\"(max-width: 724px) 100vw, 724px\" \/><\/figure>\n\n\n\n<br><br style=\"clear:both; display:block; height:25px;\">\n\n\n\n<h2 class=\"wp-block-heading\">A parasol and voil\u00e0! Open-air dining<\/h2>\n\n\n\n<p>If you enjoy outdoor dining, a parasol is a must for your terrace or garden!&nbsp;Together with your lounger, your table and your favourite outdoor chairs, it will help you to create the perfect relaxation or dining area! As well as protecting you from the sun during the hottest days, you&#8217;ll add a touch of style and colour to your outdoor space. Complement the dining area with decorative details, such as tablecloths and matching chair cushions, to create a cheerful and welcoming atmosphere.<\/p>\n\n\n\n<figure class=\"wp-block-image size-full\"><a href=\"https:\/\/sp-berner.com\/wp-content\/uploads\/2023\/08\/iStock-499603553.jpg\"><img loading=\"lazy\" decoding=\"async\" width=\"724\" height=\"483\" src=\"https:\/\/sp-berner.com\/wp-content\/uploads\/2023\/08\/iStock-499603553.jpg\" alt=\"comedor en terraza\" class=\"wp-image-23888\" srcset=\"https:\/\/sp-berner.com\/wp-content\/uploads\/2023\/08\/iStock-499603553.jpg 724w, https:\/\/sp-berner.com\/wp-content\/uploads\/2023\/08\/iStock-499603553-700x467.jpg 700w, https:\/\/sp-berner.com\/wp-content\/uploads\/2023\/08\/iStock-499603553-600x400.jpg 600w\" sizes=\"(max-width: 724px) 100vw, 724px\" \/><\/a><\/figure>\n\n\n\n<br><br style=\"clear:both; display:block; height:25px;\">\n\n\n\n<h2 class=\"wp-block-heading\">Tableware that really makes a home<\/h2>\n\n\n\n<div class=\"wp-block-columns is-layout-flex wp-container-core-columns-is-layout-9d6595d7 wp-block-columns-is-layout-flex\">\n<div class=\"wp-block-column w-100 is-layout-flow wp-block-column-is-layout-flow\" style=\"flex-basis:25%\">\n<figure class=\"wp-block-image size-full\"><img loading=\"lazy\" decoding=\"async\" width=\"256\" height=\"382\" src=\"https:\/\/sp-berner.com\/wp-content\/uploads\/2023\/08\/Imagen1.png\" alt=\"mesa de jard\u00edn\" class=\"wp-image-23892\"\/><\/figure>\n<\/div>\n\n\n\n<div class=\"wp-block-column is-layout-flow wp-block-column-is-layout-flow\" style=\"flex-basis:66.66%\">\n<p>Tableware is a must as part of your terrace or garden\u2019s decoration during the summer. In addition to adding a touch of style and elegance to your outdoor spaces, it always brings us closer to the comfort and warmth of our home.<\/p>\n\n\n\n<p>Choose tablecloths and napkins in vibrant colours and summer prints to brighten up your outdoor table. Tropical designs, sailor stripes or floral prints always triumph because of their freshness and style.<\/p>\n\n\n\n<p>Both clear and brightly coloured tableware and glassware can also make a difference in the decoration of your tables and corners this summer.<\/p>\n\n\n\n<p>Now that you have these ideas, you need the perfect outdoor furniture, don\u2019t you?&nbsp;Visit our online shop and buy your favourites.<\/p>\n<\/div>\n<\/div>\n\n\n\n<br><br style=\"clear:both; display:block; padding-top:25px;\">\n","protected":false},"excerpt":{"rendered":"<p>It&#8217;s the beginning of July, time for terraces and gardens!  Does your terrace need a splash of colour, light or style? [&#8230;]<\/p>\n<p><a class=\"btn btn-secondary understrap-read-more-link\" href=\"https:\/\/sp-berner.com\/en\/post\/5-deco-ideas-to-liven-up-your-terrace-this-summer\/\">Read More&#8230;<span class=\"screen-reader-text\"> from 5 deco ideas to liven up your terrace this summer<\/span><\/a><\/p>\n","protected":false},"author":186,"featured_media":24777,"comment_status":"closed","ping_status":"closed","sticky":false,"template":"","format":"standard","meta":{"_acf_changed":false,"footnotes":""},"categories":[269,1],"tags":[],"class_list":["post-24720","post","type-post","status-publish","format-standard","has-post-thumbnail","hentry","category-decoration","category-uncategorized"],"acf":[],"yoast_head":"<!-- This site is optimized with the Yoast SEO plugin v27.3 - https:\/\/yoast.com\/product\/yoast-seo-wordpress\/ -->\n<title>5 deco ideas to liven up your terrace this summer<\/title>\n<meta name=\"description\" content=\"It&#039;s the beginning of July, time for terraces and gardens! Does your terrace need a splash of colour, light or style? Today we bring you 5 simple, modern and original deco ideas to liven up your terrace this summer.\" \/>\n<meta name=\"robots\" content=\"index, follow, max-snippet:-1, max-image-preview:large, max-video-preview:-1\" \/>\n<link rel=\"canonical\" href=\"https:\/\/sp-berner.com\/en\/post\/5-deco-ideas-to-liven-up-your-terrace-this-summer\/\" \/>\n<meta property=\"og:locale\" content=\"en_US\" \/>\n<meta property=\"og:type\" content=\"article\" \/>\n<meta property=\"og:title\" content=\"5 deco ideas to liven up your terrace this summer\" \/>\n<meta property=\"og:description\" content=\"It&#039;s the beginning of July, time for terraces and gardens! Does your terrace need a splash of colour, light or style? Today we bring you 5 simple, modern and original deco ideas to liven up your terrace this summer.\" \/>\n<meta property=\"og:url\" content=\"https:\/\/sp-berner.com\/en\/post\/5-deco-ideas-to-liven-up-your-terrace-this-summer\/\" \/>\n<meta property=\"og:site_name\" content=\"Sp Berner\" \/>\n<meta property=\"article:publisher\" content=\"https:\/\/www.facebook.com\/SpBerner\/\" \/>\n<meta property=\"article:published_time\" content=\"2023-07-05T10:16:00+00:00\" \/>\n<meta property=\"article:modified_time\" content=\"2023-09-04T08:26:03+00:00\" \/>\n<meta property=\"og:image\" content=\"https:\/\/sp-berner.com\/wp-content\/uploads\/2023\/07\/5-deco-ideas-to-liven-up-your-terrace-this-summer.jpg\" \/>\n\t<meta property=\"og:image:width\" content=\"1024\" \/>\n\t<meta property=\"og:image:height\" content=\"1024\" \/>\n\t<meta property=\"og:image:type\" content=\"image\/jpeg\" \/>\n<meta name=\"author\" content=\"laclave\" \/>\n<meta name=\"twitter:card\" content=\"summary_large_image\" \/>\n<meta name=\"twitter:label1\" content=\"Written by\" \/>\n\t<meta name=\"twitter:data1\" content=\"laclave\" \/>\n\t<meta name=\"twitter:label2\" content=\"Est. reading time\" \/>\n\t<meta name=\"twitter:data2\" content=\"4 minutes\" \/>\n<script type=\"application\/ld+json\" class=\"yoast-schema-graph\">{\"@context\":\"https:\\\/\\\/schema.org\",\"@graph\":[{\"@type\":\"Article\",\"@id\":\"https:\\\/\\\/sp-berner.com\\\/en\\\/post\\\/5-deco-ideas-to-liven-up-your-terrace-this-summer\\\/#article\",\"isPartOf\":{\"@id\":\"https:\\\/\\\/sp-berner.com\\\/en\\\/post\\\/5-deco-ideas-to-liven-up-your-terrace-this-summer\\\/\"},\"author\":{\"name\":\"laclave\",\"@id\":\"https:\\\/\\\/sp-berner.com\\\/en\\\/#\\\/schema\\\/person\\\/d82111c2a2e0d35005db18a9910409a3\"},\"headline\":\"5 deco ideas to liven up your terrace this summer\",\"datePublished\":\"2023-07-05T10:16:00+00:00\",\"dateModified\":\"2023-09-04T08:26:03+00:00\",\"mainEntityOfPage\":{\"@id\":\"https:\\\/\\\/sp-berner.com\\\/en\\\/post\\\/5-deco-ideas-to-liven-up-your-terrace-this-summer\\\/\"},\"wordCount\":609,\"publisher\":{\"@id\":\"https:\\\/\\\/sp-berner.com\\\/en\\\/#organization\"},\"image\":{\"@id\":\"https:\\\/\\\/sp-berner.com\\\/en\\\/post\\\/5-deco-ideas-to-liven-up-your-terrace-this-summer\\\/#primaryimage\"},\"thumbnailUrl\":\"https:\\\/\\\/sp-berner.com\\\/wp-content\\\/uploads\\\/2023\\\/07\\\/5-deco-ideas-to-liven-up-your-terrace-this-summer.jpg\",\"articleSection\":[\"Decoration\"],\"inLanguage\":\"en-US\"},{\"@type\":\"WebPage\",\"@id\":\"https:\\\/\\\/sp-berner.com\\\/en\\\/post\\\/5-deco-ideas-to-liven-up-your-terrace-this-summer\\\/\",\"url\":\"https:\\\/\\\/sp-berner.com\\\/en\\\/post\\\/5-deco-ideas-to-liven-up-your-terrace-this-summer\\\/\",\"name\":\"5 deco ideas to liven up your terrace this summer\",\"isPartOf\":{\"@id\":\"https:\\\/\\\/sp-berner.com\\\/en\\\/#website\"},\"primaryImageOfPage\":{\"@id\":\"https:\\\/\\\/sp-berner.com\\\/en\\\/post\\\/5-deco-ideas-to-liven-up-your-terrace-this-summer\\\/#primaryimage\"},\"image\":{\"@id\":\"https:\\\/\\\/sp-berner.com\\\/en\\\/post\\\/5-deco-ideas-to-liven-up-your-terrace-this-summer\\\/#primaryimage\"},\"thumbnailUrl\":\"https:\\\/\\\/sp-berner.com\\\/wp-content\\\/uploads\\\/2023\\\/07\\\/5-deco-ideas-to-liven-up-your-terrace-this-summer.jpg\",\"datePublished\":\"2023-07-05T10:16:00+00:00\",\"dateModified\":\"2023-09-04T08:26:03+00:00\",\"description\":\"It's the beginning of July, time for terraces and gardens! Does your terrace need a splash of colour, light or style? Today we bring you 5 simple, modern and original deco ideas to liven up your terrace this summer.\",\"breadcrumb\":{\"@id\":\"https:\\\/\\\/sp-berner.com\\\/en\\\/post\\\/5-deco-ideas-to-liven-up-your-terrace-this-summer\\\/#breadcrumb\"},\"inLanguage\":\"en-US\",\"potentialAction\":[{\"@type\":\"ReadAction\",\"target\":[\"https:\\\/\\\/sp-berner.com\\\/en\\\/post\\\/5-deco-ideas-to-liven-up-your-terrace-this-summer\\\/\"]}]},{\"@type\":\"ImageObject\",\"inLanguage\":\"en-US\",\"@id\":\"https:\\\/\\\/sp-berner.com\\\/en\\\/post\\\/5-deco-ideas-to-liven-up-your-terrace-this-summer\\\/#primaryimage\",\"url\":\"https:\\\/\\\/sp-berner.com\\\/wp-content\\\/uploads\\\/2023\\\/07\\\/5-deco-ideas-to-liven-up-your-terrace-this-summer.jpg\",\"contentUrl\":\"https:\\\/\\\/sp-berner.com\\\/wp-content\\\/uploads\\\/2023\\\/07\\\/5-deco-ideas-to-liven-up-your-terrace-this-summer.jpg\",\"width\":1024,\"height\":1024,\"caption\":\"5 deco ideas to liven up your terrace this summer\"},{\"@type\":\"BreadcrumbList\",\"@id\":\"https:\\\/\\\/sp-berner.com\\\/en\\\/post\\\/5-deco-ideas-to-liven-up-your-terrace-this-summer\\\/#breadcrumb\",\"itemListElement\":[{\"@type\":\"ListItem\",\"position\":1,\"name\":\"Inicio\",\"item\":\"https:\\\/\\\/sp-berner.com\\\/en\\\/\"},{\"@type\":\"ListItem\",\"position\":2,\"name\":\"Decoration\",\"item\":\"https:\\\/\\\/sp-berner.com\\\/en\\\/post\\\/category\\\/decoration\\\/\"},{\"@type\":\"ListItem\",\"position\":3,\"name\":\"5 deco ideas to liven up your terrace this summer\"}]},{\"@type\":\"WebSite\",\"@id\":\"https:\\\/\\\/sp-berner.com\\\/en\\\/#website\",\"url\":\"https:\\\/\\\/sp-berner.com\\\/en\\\/\",\"name\":\"Sp-Berner\",\"description\":\"Fabricantes l\u00edderes en la inyecci\u00f3n de pl\u00e1stico sostenible\",\"publisher\":{\"@id\":\"https:\\\/\\\/sp-berner.com\\\/en\\\/#organization\"},\"alternateName\":\"Sp Berner\",\"potentialAction\":[{\"@type\":\"SearchAction\",\"target\":{\"@type\":\"EntryPoint\",\"urlTemplate\":\"https:\\\/\\\/sp-berner.com\\\/en\\\/?s={search_term_string}\"},\"query-input\":{\"@type\":\"PropertyValueSpecification\",\"valueRequired\":true,\"valueName\":\"search_term_string\"}}],\"inLanguage\":\"en-US\"},{\"@type\":\"Organization\",\"@id\":\"https:\\\/\\\/sp-berner.com\\\/en\\\/#organization\",\"name\":\"Sp-Berner\",\"url\":\"https:\\\/\\\/sp-berner.com\\\/en\\\/\",\"logo\":{\"@type\":\"ImageObject\",\"inLanguage\":\"en-US\",\"@id\":\"https:\\\/\\\/sp-berner.com\\\/en\\\/#\\\/schema\\\/logo\\\/image\\\/\",\"url\":\"https:\\\/\\\/sp-berner.com\\\/wp-content\\\/uploads\\\/2023\\\/05\\\/sp-berner-color.svg\",\"contentUrl\":\"https:\\\/\\\/sp-berner.com\\\/wp-content\\\/uploads\\\/2023\\\/05\\\/sp-berner-color.svg\",\"width\":344,\"height\":102,\"caption\":\"Sp-Berner\"},\"image\":{\"@id\":\"https:\\\/\\\/sp-berner.com\\\/en\\\/#\\\/schema\\\/logo\\\/image\\\/\"},\"sameAs\":[\"https:\\\/\\\/www.facebook.com\\\/SpBerner\\\/\"]},{\"@type\":\"Person\",\"@id\":\"https:\\\/\\\/sp-berner.com\\\/en\\\/#\\\/schema\\\/person\\\/d82111c2a2e0d35005db18a9910409a3\",\"name\":\"laclave\"}]}<\/script>\n<!-- \/ Yoast SEO plugin. -->","yoast_head_json":{"title":"5 deco ideas to liven up your terrace this summer","description":"It's the beginning of July, time for terraces and gardens! Does your terrace need a splash of colour, light or style? Today we bring you 5 simple, modern and original deco ideas to liven up your terrace this summer.","robots":{"index":"index","follow":"follow","max-snippet":"max-snippet:-1","max-image-preview":"max-image-preview:large","max-video-preview":"max-video-preview:-1"},"canonical":"https:\/\/sp-berner.com\/en\/post\/5-deco-ideas-to-liven-up-your-terrace-this-summer\/","og_locale":"en_US","og_type":"article","og_title":"5 deco ideas to liven up your terrace this summer","og_description":"It's the beginning of July, time for terraces and gardens! Does your terrace need a splash of colour, light or style? Today we bring you 5 simple, modern and original deco ideas to liven up your terrace this summer.","og_url":"https:\/\/sp-berner.com\/en\/post\/5-deco-ideas-to-liven-up-your-terrace-this-summer\/","og_site_name":"Sp Berner","article_publisher":"https:\/\/www.facebook.com\/SpBerner\/","article_published_time":"2023-07-05T10:16:00+00:00","article_modified_time":"2023-09-04T08:26:03+00:00","og_image":[{"width":1024,"height":1024,"url":"https:\/\/sp-berner.com\/wp-content\/uploads\/2023\/07\/5-deco-ideas-to-liven-up-your-terrace-this-summer.jpg","type":"image\/jpeg"}],"author":"laclave","twitter_card":"summary_large_image","twitter_misc":{"Written by":"laclave","Est. reading time":"4 minutes"},"schema":{"@context":"https:\/\/schema.org","@graph":[{"@type":"Article","@id":"https:\/\/sp-berner.com\/en\/post\/5-deco-ideas-to-liven-up-your-terrace-this-summer\/#article","isPartOf":{"@id":"https:\/\/sp-berner.com\/en\/post\/5-deco-ideas-to-liven-up-your-terrace-this-summer\/"},"author":{"name":"laclave","@id":"https:\/\/sp-berner.com\/en\/#\/schema\/person\/d82111c2a2e0d35005db18a9910409a3"},"headline":"5 deco ideas to liven up your terrace this summer","datePublished":"2023-07-05T10:16:00+00:00","dateModified":"2023-09-04T08:26:03+00:00","mainEntityOfPage":{"@id":"https:\/\/sp-berner.com\/en\/post\/5-deco-ideas-to-liven-up-your-terrace-this-summer\/"},"wordCount":609,"publisher":{"@id":"https:\/\/sp-berner.com\/en\/#organization"},"image":{"@id":"https:\/\/sp-berner.com\/en\/post\/5-deco-ideas-to-liven-up-your-terrace-this-summer\/#primaryimage"},"thumbnailUrl":"https:\/\/sp-berner.com\/wp-content\/uploads\/2023\/07\/5-deco-ideas-to-liven-up-your-terrace-this-summer.jpg","articleSection":["Decoration"],"inLanguage":"en-US"},{"@type":"WebPage","@id":"https:\/\/sp-berner.com\/en\/post\/5-deco-ideas-to-liven-up-your-terrace-this-summer\/","url":"https:\/\/sp-berner.com\/en\/post\/5-deco-ideas-to-liven-up-your-terrace-this-summer\/","name":"5 deco ideas to liven up your terrace this summer","isPartOf":{"@id":"https:\/\/sp-berner.com\/en\/#website"},"primaryImageOfPage":{"@id":"https:\/\/sp-berner.com\/en\/post\/5-deco-ideas-to-liven-up-your-terrace-this-summer\/#primaryimage"},"image":{"@id":"https:\/\/sp-berner.com\/en\/post\/5-deco-ideas-to-liven-up-your-terrace-this-summer\/#primaryimage"},"thumbnailUrl":"https:\/\/sp-berner.com\/wp-content\/uploads\/2023\/07\/5-deco-ideas-to-liven-up-your-terrace-this-summer.jpg","datePublished":"2023-07-05T10:16:00+00:00","dateModified":"2023-09-04T08:26:03+00:00","description":"It's the beginning of July, time for terraces and gardens! Does your terrace need a splash of colour, light or style? Today we bring you 5 simple, modern and original deco ideas to liven up your terrace this summer.","breadcrumb":{"@id":"https:\/\/sp-berner.com\/en\/post\/5-deco-ideas-to-liven-up-your-terrace-this-summer\/#breadcrumb"},"inLanguage":"en-US","potentialAction":[{"@type":"ReadAction","target":["https:\/\/sp-berner.com\/en\/post\/5-deco-ideas-to-liven-up-your-terrace-this-summer\/"]}]},{"@type":"ImageObject","inLanguage":"en-US","@id":"https:\/\/sp-berner.com\/en\/post\/5-deco-ideas-to-liven-up-your-terrace-this-summer\/#primaryimage","url":"https:\/\/sp-berner.com\/wp-content\/uploads\/2023\/07\/5-deco-ideas-to-liven-up-your-terrace-this-summer.jpg","contentUrl":"https:\/\/sp-berner.com\/wp-content\/uploads\/2023\/07\/5-deco-ideas-to-liven-up-your-terrace-this-summer.jpg","width":1024,"height":1024,"caption":"5 deco ideas to liven up your terrace this summer"},{"@type":"BreadcrumbList","@id":"https:\/\/sp-berner.com\/en\/post\/5-deco-ideas-to-liven-up-your-terrace-this-summer\/#breadcrumb","itemListElement":[{"@type":"ListItem","position":1,"name":"Inicio","item":"https:\/\/sp-berner.com\/en\/"},{"@type":"ListItem","position":2,"name":"Decoration","item":"https:\/\/sp-berner.com\/en\/post\/category\/decoration\/"},{"@type":"ListItem","position":3,"name":"5 deco ideas to liven up your terrace this summer"}]},{"@type":"WebSite","@id":"https:\/\/sp-berner.com\/en\/#website","url":"https:\/\/sp-berner.com\/en\/","name":"Sp-Berner","description":"Fabricantes l\u00edderes en la inyecci\u00f3n de pl\u00e1stico sostenible","publisher":{"@id":"https:\/\/sp-berner.com\/en\/#organization"},"alternateName":"Sp Berner","potentialAction":[{"@type":"SearchAction","target":{"@type":"EntryPoint","urlTemplate":"https:\/\/sp-berner.com\/en\/?s={search_term_string}"},"query-input":{"@type":"PropertyValueSpecification","valueRequired":true,"valueName":"search_term_string"}}],"inLanguage":"en-US"},{"@type":"Organization","@id":"https:\/\/sp-berner.com\/en\/#organization","name":"Sp-Berner","url":"https:\/\/sp-berner.com\/en\/","logo":{"@type":"ImageObject","inLanguage":"en-US","@id":"https:\/\/sp-berner.com\/en\/#\/schema\/logo\/image\/","url":"https:\/\/sp-berner.com\/wp-content\/uploads\/2023\/05\/sp-berner-color.svg","contentUrl":"https:\/\/sp-berner.com\/wp-content\/uploads\/2023\/05\/sp-berner-color.svg","width":344,"height":102,"caption":"Sp-Berner"},"image":{"@id":"https:\/\/sp-berner.com\/en\/#\/schema\/logo\/image\/"},"sameAs":["https:\/\/www.facebook.com\/SpBerner\/"]},{"@type":"Person","@id":"https:\/\/sp-berner.com\/en\/#\/schema\/person\/d82111c2a2e0d35005db18a9910409a3","name":"laclave"}]}},"_links":{"self":[{"href":"https:\/\/sp-berner.com\/en\/wp-json\/wp\/v2\/posts\/24720","targetHints":{"allow":["GET"]}}],"collection":[{"href":"https:\/\/sp-berner.com\/en\/wp-json\/wp\/v2\/posts"}],"about":[{"href":"https:\/\/sp-berner.com\/en\/wp-json\/wp\/v2\/types\/post"}],"author":[{"embeddable":true,"href":"https:\/\/sp-berner.com\/en\/wp-json\/wp\/v2\/users\/186"}],"replies":[{"embeddable":true,"href":"https:\/\/sp-berner.com\/en\/wp-json\/wp\/v2\/comments?post=24720"}],"version-history":[{"count":0,"href":"https:\/\/sp-berner.com\/en\/wp-json\/wp\/v2\/posts\/24720\/revisions"}],"wp:featuredmedia":[{"embeddable":true,"href":"https:\/\/sp-berner.com\/en\/wp-json\/wp\/v2\/media\/24777"}],"wp:attachment":[{"href":"https:\/\/sp-berner.com\/en\/wp-json\/wp\/v2\/media?parent=24720"}],"wp:term":[{"taxonomy":"category","embeddable":true,"href":"https:\/\/sp-berner.com\/en\/wp-json\/wp\/v2\/categories?post=24720"},{"taxonomy":"post_tag","embeddable":true,"href":"https:\/\/sp-berner.com\/en\/wp-json\/wp\/v2\/tags?post=24720"}],"curies":[{"name":"wp","href":"https:\/\/api.w.org\/{rel}","templated":true}]}}