{"id":24696,"date":"2023-06-14T12:18:00","date_gmt":"2023-06-14T12:18:00","guid":{"rendered":"https:\/\/sp-berner.com\/cuatro-basicos-para-decorar-tu-terraza-este-verano\/"},"modified":"2023-09-04T08:27:25","modified_gmt":"2023-09-04T08:27:25","slug":"4-basics-to-decorate-your-terrace-this-summer","status":"publish","type":"post","link":"https:\/\/sp-berner.com\/en\/post\/4-basics-to-decorate-your-terrace-this-summer\/","title":{"rendered":"4 basics to decorate your terrace this summer"},"content":{"rendered":"\n<p>Each house is a world of its own, in terms of light, size and style. In addition, each person feels that they need to adapt their spaces to their personal needs. At SHAF, we know that you are already looking for the perfect solution to bring to life the space which is going to be your favourite for the next few months. That&#8217;s why we bring you 4 basics to decorate your terrace this summer and make it your own personal paradise!&nbsp;<\/p>\n\n\n\n<h2 class=\"wp-block-heading\">Spaces for living and sharing<\/h2>\n\n\n\n<p>Do you have a large space? Turn your terrace or porch into a lounge for the summer.<\/p>\n\n\n\n<p><strong>Choose armchairs and sofas that enable you to make the most of the space<\/strong>, include a coffee table, and decorate it with soft, relaxing textiles. It will be a favourite place for friends and family. You can spend the whole summer in the garden, in company while you enjoy the outdoors.<\/p>\n\n\n\n<figure class=\"wp-block-image size-large\"><img fetchpriority=\"high\" decoding=\"async\" width=\"900\" height=\"827\" src=\"https:\/\/sp-berner.com\/wp-content\/uploads\/2023\/08\/post-4-basics-to-decorate-yout-terrace-this-summer-900x827.jpg\" alt=\"\" class=\"wp-image-24701\" srcset=\"https:\/\/sp-berner.com\/wp-content\/uploads\/2023\/08\/post-4-basics-to-decorate-yout-terrace-this-summer-900x827.jpg 900w, https:\/\/sp-berner.com\/wp-content\/uploads\/2023\/08\/post-4-basics-to-decorate-yout-terrace-this-summer-700x643.jpg 700w, https:\/\/sp-berner.com\/wp-content\/uploads\/2023\/08\/post-4-basics-to-decorate-yout-terrace-this-summer-768x706.jpg 768w, https:\/\/sp-berner.com\/wp-content\/uploads\/2023\/08\/post-4-basics-to-decorate-yout-terrace-this-summer-600x551.jpg 600w, https:\/\/sp-berner.com\/wp-content\/uploads\/2023\/08\/post-4-basics-to-decorate-yout-terrace-this-summer.jpg 1024w\" sizes=\"(max-width: 900px) 100vw, 900px\" \/><\/figure>\n\n\n\n<p>Our proposal: the&nbsp;Miami Graphite Set.&nbsp;<strong>Sophisticated, innovative and very modern<\/strong>. This terrace set is an ideal choice for decorating or redecorating any of your outdoor areas. Its anthracite colour is the definitive touch to match any style and make it a discreet yet very attractive set.&nbsp;<\/p>\n\n\n\n<p>Composed of a two-seater sofa, two single armchairs and a coffee table, it is perfect for those days of aperitifs, evenings with a beer after work or for spending some quiet time with the family.<\/p>\n\n\n\n<div class=\"wp-block-columns is-layout-flex wp-container-core-columns-is-layout-9d6595d7 wp-block-columns-is-layout-flex\">\n<div class=\"wp-block-column is-layout-flow wp-block-column-is-layout-flow\">\n<h2 class=\"wp-block-heading\">Relaxation is also a must<\/h2>\n\n\n\n<h3 class=\"wp-block-heading\">Do you want something much more intimate and relaxing?<\/h3>\n\n\n\n<p>The space in your home doesn&#8217;t always have to be a group or shared space. If you want to create&nbsp;<strong>an intimate and relaxing space to read, listen to music or take a nap<\/strong>, choose a chaiselongue-type design. In addition to adding a touch of comfort to your terrace, you will make it your favourite place in which to unwind.&nbsp;<\/p>\n\n\n\n<p><strong>&nbsp;The Sira Set is perfect!<\/strong><\/p>\n\n\n\n<p>A set of two armchairs and two poufs, plus a low coffee table, with straight, fine and simple lines. In imitation rattan and with ergonomic backrests. Perfect&nbsp;<strong>for relaxing and turning armchairs into chaiselongues<\/strong>. Now that you&#8217;ve seen it,&nbsp;<strong>can you already imagining it on your terrace or in your garden?<\/strong><\/p>\n<\/div>\n\n\n\n<div class=\"wp-block-column is-layout-flow wp-block-column-is-layout-flow\" style=\"flex-basis:20%\">\n<figure class=\"wp-block-image size-large\"><a href=\"https:\/\/sp-berner.com\/en\/?post_type=product&amp;p=23041\"><img decoding=\"async\" width=\"675\" height=\"900\" src=\"https:\/\/sp-berner.com\/wp-content\/uploads\/2023\/08\/Set-Sira-768x1024-1-675x900.jpg\" alt=\"Set Sira\" class=\"wp-image-24082\" title=\"Set Sira\" srcset=\"https:\/\/sp-berner.com\/wp-content\/uploads\/2023\/08\/Set-Sira-768x1024-1-675x900.jpg 675w, https:\/\/sp-berner.com\/wp-content\/uploads\/2023\/08\/Set-Sira-768x1024-1-525x700.jpg 525w, https:\/\/sp-berner.com\/wp-content\/uploads\/2023\/08\/Set-Sira-768x1024-1-600x800.jpg 600w, https:\/\/sp-berner.com\/wp-content\/uploads\/2023\/08\/Set-Sira-768x1024-1.jpg 768w\" sizes=\"(max-width: 675px) 100vw, 675px\" \/><\/a><figcaption class=\"wp-element-caption\">Set Sira<\/figcaption><\/figure>\n<\/div>\n<\/div>\n\n\n\n<div class=\"wp-block-columns is-layout-flex wp-container-core-columns-is-layout-9d6595d7 wp-block-columns-is-layout-flex\">\n<div class=\"wp-block-column w-100 is-layout-flow wp-block-column-is-layout-flow\" style=\"flex-basis:20%\">\n<figure class=\"wp-block-image size-full\"><a href=\"https:\/\/sp-berner.com\/tiendas\/set-diva-tete-a-tete-material-reciclado\/\"><img decoding=\"async\" width=\"300\" height=\"298\" src=\"https:\/\/sp-berner.com\/wp-content\/uploads\/2023\/08\/Shaf_decoracio-jardin.jpg\" alt=\"\" class=\"wp-image-24095\" srcset=\"https:\/\/sp-berner.com\/wp-content\/uploads\/2023\/08\/Shaf_decoracio-jardin.jpg 300w, https:\/\/sp-berner.com\/wp-content\/uploads\/2023\/08\/Shaf_decoracio-jardin-32x32.jpg 32w, https:\/\/sp-berner.com\/wp-content\/uploads\/2023\/08\/Shaf_decoracio-jardin-100x100.jpg 100w, https:\/\/sp-berner.com\/wp-content\/uploads\/2023\/08\/Shaf_decoracio-jardin-50x50.jpg 50w\" sizes=\"(max-width: 300px) 100vw, 300px\" \/><\/a><figcaption class=\"wp-element-caption\">Set Diva Tete a Tete<\/figcaption><\/figure>\n<\/div>\n\n\n\n<div class=\"wp-block-column is-layout-flow wp-block-column-is-layout-flow\">\n<h2 class=\"wp-block-heading\">Do you want to make the most of your space?<\/h2>\n\n\n\n<p>Don&#8217;t overload it with too much furniture.&nbsp;<strong>Remember, less is more!<\/strong>&nbsp;Two good armchairs and a side table can be your best allies in creating&nbsp;<strong>an intimate space for two,<\/strong>&nbsp;and in giving a warm and comfortable touch to your terrace without saturating the space.<\/p>\n\n\n\n<p>We suggest the&nbsp;Diva Tete a Tete Wengue Set. A garden set is <strong>ideal for any type of balcony, terrace or garden<\/strong><\/p>\n\n\n\n<p>A set with two comfortable armchairs and a low coffee table, designed in wenge colour with back and seat cushions.&nbsp;<strong>Sophisticated design and maximum comfort.<\/strong><\/p>\n<\/div>\n<\/div>\n\n\n\n<figure class=\"wp-block-image size-full\"><a href=\"https:\/\/sp-berner.com\/tiendas\/set-diva-tete-a-tete-material-reciclado\/\"><img loading=\"lazy\" decoding=\"async\" width=\"761\" height=\"971\" src=\"https:\/\/sp-berner.com\/wp-content\/uploads\/2023\/08\/Shaf_mesa-jardin.jpg\" alt=\"mesa jardin marca Shaf\" class=\"wp-image-24114\" title=\"Mesa de jard\u00edn\" srcset=\"https:\/\/sp-berner.com\/wp-content\/uploads\/2023\/08\/Shaf_mesa-jardin.jpg 761w, https:\/\/sp-berner.com\/wp-content\/uploads\/2023\/08\/Shaf_mesa-jardin-549x700.jpg 549w, https:\/\/sp-berner.com\/wp-content\/uploads\/2023\/08\/Shaf_mesa-jardin-705x900.jpg 705w, https:\/\/sp-berner.com\/wp-content\/uploads\/2023\/08\/Shaf_mesa-jardin-600x766.jpg 600w\" sizes=\"(max-width: 761px) 100vw, 761px\" \/><\/a><figcaption class=\"wp-element-caption\">Set Diva Tete a Tete<\/figcaption><\/figure>\n\n\n\n<h2 class=\"wp-block-heading\">Let your imagination run free<\/h2>\n\n\n\n<p>Details make the difference. So, when you have all your furniture ready, let your imagination run riot and<strong>&nbsp;give your terrace, porch or garden your own personal touch<\/strong>.<\/p>\n\n\n\n<p>How can you do this? Very simple:&nbsp;<\/p>\n\n\n\n<p><strong>With plants.<\/strong>&nbsp;You will give it a natural, Mediterranean and very fresh look.&nbsp;<\/p>\n\n\n\n<p><strong>With tableware<\/strong>, ideal for enjoying aperitifs, meals and evenings. In addition to being practical and functional, you will add a lot of style to your terrace or garden.<\/p>\n\n\n\n<figure class=\"wp-block-image size-full\"><a href=\"https:\/\/sp-berner.com\/en\/?post_type=product&amp;p=5157\"><img loading=\"lazy\" decoding=\"async\" width=\"768\" height=\"496\" src=\"https:\/\/sp-berner.com\/wp-content\/uploads\/2023\/08\/55426-Set-Manhatan-1-768x496-1.jpg\" alt=\"Set Manhattan\" class=\"wp-image-24106\" srcset=\"https:\/\/sp-berner.com\/wp-content\/uploads\/2023\/08\/55426-Set-Manhatan-1-768x496-1.jpg 768w, https:\/\/sp-berner.com\/wp-content\/uploads\/2023\/08\/55426-Set-Manhatan-1-768x496-1-700x452.jpg 700w, https:\/\/sp-berner.com\/wp-content\/uploads\/2023\/08\/55426-Set-Manhatan-1-768x496-1-600x388.jpg 600w\" sizes=\"(max-width: 768px) 100vw, 768px\" \/><\/a><figcaption class=\"wp-element-caption\">Set Manhattan<\/figcaption><\/figure>\n\n\n\n<p><strong>With light points.<\/strong>&nbsp;Lanterns or candles will be your best allies to achieve a magical and super relaxing environment.<\/p>\n\n\n\n<p><strong>With textiles.<\/strong>&nbsp;Cushions, quilts and bedspreads will give you a lot of colour contrasts and you will gain in warmth, style and comfort.<\/p>\n\n\n\n<p>Stay tuned for&nbsp;<strong>more ideas<\/strong> in the next blog post!<\/p>\n\n\n\n<p>Did you like these ideas? Our designs for terrace or garden, as well as being high quality products Made in Spain, are easy to clean, super resistant to ultraviolet rays, and are resistant to inclement weather. And remember that at <strong>SHAF HOME, we only manufacture furniture with more than 70% recycled plastic<\/strong>&nbsp;in our own plant.&nbsp;<\/p>\n\n\n\n<p>Taking care of the details at home is great, but taking care of the planet and going green is even better!&nbsp;<strong>Want to see more ideas?<\/strong>&nbsp;You have&nbsp;<a href=\"https:\/\/sp-berner.com\/en\/shaf-brand-furniture-recycled-sp-berner\/\" target=\"_blank\" rel=\"noreferrer noopener\">all our collections here.<\/a><\/p>\n\n\n\n<figure class=\"wp-block-image\"><a href=\"https:\/\/shafhome.com\/cuatro-basicos-para-decorar-tu-terraza-este-verano\/#\"><img decoding=\"async\" src=\"https:\/\/shafhome.com\/wp-content\/themes\/shaft-theme\/img\/email.svg\" alt=\"\"\/><\/a><\/figure>\n\n\n\n<figure class=\"wp-block-image\"><a href=\"https:\/\/www.linkedin.com\/shareArticle?mini=true&amp;url=https:\/\/shafhome.com\/cuatro-basicos-para-decorar-tu-terraza-este-verano\/\"><img decoding=\"async\" src=\"https:\/\/shafhome.com\/wp-content\/themes\/shaft-theme\/img\/linkedin.svg\" alt=\"\"\/><\/a><\/figure>\n\n\n\n<figure class=\"wp-block-image\"><a href=\"https:\/\/twitter.com\/intent\/tweet?url=https:\/\/shafhome.com\/cuatro-basicos-para-decorar-tu-terraza-este-verano\/\"><img decoding=\"async\" src=\"https:\/\/shafhome.com\/wp-content\/themes\/shaft-theme\/img\/twitter.svg\" alt=\"\"\/><\/a><\/figure>\n\n\n\n<p><a href=\"https:\/\/www.facebook.com\/sharer\/sharer.php?u=https:\/\/shafhome.com\/cuatro-basicos-para-decorar-tu-terraza-este-verano\/\"><\/a><\/p>\n","protected":false},"excerpt":{"rendered":"<p>It&#8217;s the start of summer and we&#8217;re looking forward to celebrating life and enjoying our favourite outdoor spaces. [&#8230;]<\/p>\n<p><a class=\"btn btn-secondary understrap-read-more-link\" href=\"https:\/\/sp-berner.com\/en\/post\/4-basics-to-decorate-your-terrace-this-summer\/\">Read More&#8230;<span class=\"screen-reader-text\"> from 4 basics to decorate your terrace this summer<\/span><\/a><\/p>\n","protected":false},"author":186,"featured_media":24701,"comment_status":"closed","ping_status":"closed","sticky":false,"template":"","format":"standard","meta":{"_acf_changed":false,"footnotes":""},"categories":[269],"tags":[],"class_list":["post-24696","post","type-post","status-publish","format-standard","has-post-thumbnail","hentry","category-decoration"],"acf":[],"yoast_head":"<!-- This site is optimized with the Yoast SEO plugin v27.3 - https:\/\/yoast.com\/product\/yoast-seo-wordpress\/ -->\n<title>4 basics to decorate your terrace this summer<\/title>\n<meta name=\"description\" content=\"It&#039;s the start of summer and we&#039;re looking forward to celebrating life and enjoying our favourite outdoor spaces. Here are 4 basics to decorate your terrace!\" \/>\n<meta name=\"robots\" content=\"index, follow, max-snippet:-1, max-image-preview:large, max-video-preview:-1\" \/>\n<link rel=\"canonical\" href=\"https:\/\/sp-berner.com\/en\/post\/4-basics-to-decorate-your-terrace-this-summer\/\" \/>\n<meta property=\"og:locale\" content=\"en_US\" \/>\n<meta property=\"og:type\" content=\"article\" \/>\n<meta property=\"og:title\" content=\"4 basics to decorate your terrace this summer\" \/>\n<meta property=\"og:description\" content=\"It&#039;s the start of summer and we&#039;re looking forward to celebrating life and enjoying our favourite outdoor spaces. Here are 4 basics to decorate your terrace!\" \/>\n<meta property=\"og:url\" content=\"https:\/\/sp-berner.com\/en\/post\/4-basics-to-decorate-your-terrace-this-summer\/\" \/>\n<meta property=\"og:site_name\" content=\"Sp Berner\" \/>\n<meta property=\"article:publisher\" content=\"https:\/\/www.facebook.com\/SpBerner\/\" \/>\n<meta property=\"article:published_time\" content=\"2023-06-14T12:18:00+00:00\" \/>\n<meta property=\"article:modified_time\" content=\"2023-09-04T08:27:25+00:00\" \/>\n<meta property=\"og:image\" content=\"https:\/\/sp-berner.com\/wp-content\/uploads\/2023\/08\/post-4-basics-to-decorate-yout-terrace-this-summer.jpg\" \/>\n\t<meta property=\"og:image:width\" content=\"1024\" \/>\n\t<meta property=\"og:image:height\" content=\"941\" \/>\n\t<meta property=\"og:image:type\" content=\"image\/jpeg\" \/>\n<meta name=\"author\" content=\"laclave\" \/>\n<meta name=\"twitter:card\" content=\"summary_large_image\" \/>\n<meta name=\"twitter:label1\" content=\"Written by\" \/>\n\t<meta name=\"twitter:data1\" content=\"laclave\" \/>\n\t<meta name=\"twitter:label2\" content=\"Est. reading time\" \/>\n\t<meta name=\"twitter:data2\" content=\"5 minutes\" \/>\n<script type=\"application\/ld+json\" class=\"yoast-schema-graph\">{\"@context\":\"https:\\\/\\\/schema.org\",\"@graph\":[{\"@type\":\"Article\",\"@id\":\"https:\\\/\\\/sp-berner.com\\\/en\\\/post\\\/4-basics-to-decorate-your-terrace-this-summer\\\/#article\",\"isPartOf\":{\"@id\":\"https:\\\/\\\/sp-berner.com\\\/en\\\/post\\\/4-basics-to-decorate-your-terrace-this-summer\\\/\"},\"author\":{\"name\":\"laclave\",\"@id\":\"https:\\\/\\\/sp-berner.com\\\/en\\\/#\\\/schema\\\/person\\\/d82111c2a2e0d35005db18a9910409a3\"},\"headline\":\"4 basics to decorate your terrace this summer\",\"datePublished\":\"2023-06-14T12:18:00+00:00\",\"dateModified\":\"2023-09-04T08:27:25+00:00\",\"mainEntityOfPage\":{\"@id\":\"https:\\\/\\\/sp-berner.com\\\/en\\\/post\\\/4-basics-to-decorate-your-terrace-this-summer\\\/\"},\"wordCount\":736,\"publisher\":{\"@id\":\"https:\\\/\\\/sp-berner.com\\\/en\\\/#organization\"},\"image\":{\"@id\":\"https:\\\/\\\/sp-berner.com\\\/en\\\/post\\\/4-basics-to-decorate-your-terrace-this-summer\\\/#primaryimage\"},\"thumbnailUrl\":\"https:\\\/\\\/sp-berner.com\\\/wp-content\\\/uploads\\\/2023\\\/08\\\/post-4-basics-to-decorate-yout-terrace-this-summer.jpg\",\"articleSection\":[\"Decoration\"],\"inLanguage\":\"en-US\"},{\"@type\":\"WebPage\",\"@id\":\"https:\\\/\\\/sp-berner.com\\\/en\\\/post\\\/4-basics-to-decorate-your-terrace-this-summer\\\/\",\"url\":\"https:\\\/\\\/sp-berner.com\\\/en\\\/post\\\/4-basics-to-decorate-your-terrace-this-summer\\\/\",\"name\":\"4 basics to decorate your terrace this summer\",\"isPartOf\":{\"@id\":\"https:\\\/\\\/sp-berner.com\\\/en\\\/#website\"},\"primaryImageOfPage\":{\"@id\":\"https:\\\/\\\/sp-berner.com\\\/en\\\/post\\\/4-basics-to-decorate-your-terrace-this-summer\\\/#primaryimage\"},\"image\":{\"@id\":\"https:\\\/\\\/sp-berner.com\\\/en\\\/post\\\/4-basics-to-decorate-your-terrace-this-summer\\\/#primaryimage\"},\"thumbnailUrl\":\"https:\\\/\\\/sp-berner.com\\\/wp-content\\\/uploads\\\/2023\\\/08\\\/post-4-basics-to-decorate-yout-terrace-this-summer.jpg\",\"datePublished\":\"2023-06-14T12:18:00+00:00\",\"dateModified\":\"2023-09-04T08:27:25+00:00\",\"description\":\"It's the start of summer and we're looking forward to celebrating life and enjoying our favourite outdoor spaces. Here are 4 basics to decorate your terrace!\",\"breadcrumb\":{\"@id\":\"https:\\\/\\\/sp-berner.com\\\/en\\\/post\\\/4-basics-to-decorate-your-terrace-this-summer\\\/#breadcrumb\"},\"inLanguage\":\"en-US\",\"potentialAction\":[{\"@type\":\"ReadAction\",\"target\":[\"https:\\\/\\\/sp-berner.com\\\/en\\\/post\\\/4-basics-to-decorate-your-terrace-this-summer\\\/\"]}]},{\"@type\":\"ImageObject\",\"inLanguage\":\"en-US\",\"@id\":\"https:\\\/\\\/sp-berner.com\\\/en\\\/post\\\/4-basics-to-decorate-your-terrace-this-summer\\\/#primaryimage\",\"url\":\"https:\\\/\\\/sp-berner.com\\\/wp-content\\\/uploads\\\/2023\\\/08\\\/post-4-basics-to-decorate-yout-terrace-this-summer.jpg\",\"contentUrl\":\"https:\\\/\\\/sp-berner.com\\\/wp-content\\\/uploads\\\/2023\\\/08\\\/post-4-basics-to-decorate-yout-terrace-this-summer.jpg\",\"width\":1024,\"height\":941},{\"@type\":\"BreadcrumbList\",\"@id\":\"https:\\\/\\\/sp-berner.com\\\/en\\\/post\\\/4-basics-to-decorate-your-terrace-this-summer\\\/#breadcrumb\",\"itemListElement\":[{\"@type\":\"ListItem\",\"position\":1,\"name\":\"Inicio\",\"item\":\"https:\\\/\\\/sp-berner.com\\\/en\\\/\"},{\"@type\":\"ListItem\",\"position\":2,\"name\":\"Decoration\",\"item\":\"https:\\\/\\\/sp-berner.com\\\/en\\\/post\\\/category\\\/decoration\\\/\"},{\"@type\":\"ListItem\",\"position\":3,\"name\":\"4 basics to decorate your terrace this summer\"}]},{\"@type\":\"WebSite\",\"@id\":\"https:\\\/\\\/sp-berner.com\\\/en\\\/#website\",\"url\":\"https:\\\/\\\/sp-berner.com\\\/en\\\/\",\"name\":\"Sp-Berner\",\"description\":\"Fabricantes l\u00edderes en la inyecci\u00f3n de pl\u00e1stico sostenible\",\"publisher\":{\"@id\":\"https:\\\/\\\/sp-berner.com\\\/en\\\/#organization\"},\"alternateName\":\"Sp Berner\",\"potentialAction\":[{\"@type\":\"SearchAction\",\"target\":{\"@type\":\"EntryPoint\",\"urlTemplate\":\"https:\\\/\\\/sp-berner.com\\\/en\\\/?s={search_term_string}\"},\"query-input\":{\"@type\":\"PropertyValueSpecification\",\"valueRequired\":true,\"valueName\":\"search_term_string\"}}],\"inLanguage\":\"en-US\"},{\"@type\":\"Organization\",\"@id\":\"https:\\\/\\\/sp-berner.com\\\/en\\\/#organization\",\"name\":\"Sp-Berner\",\"url\":\"https:\\\/\\\/sp-berner.com\\\/en\\\/\",\"logo\":{\"@type\":\"ImageObject\",\"inLanguage\":\"en-US\",\"@id\":\"https:\\\/\\\/sp-berner.com\\\/en\\\/#\\\/schema\\\/logo\\\/image\\\/\",\"url\":\"https:\\\/\\\/sp-berner.com\\\/wp-content\\\/uploads\\\/2023\\\/05\\\/sp-berner-color.svg\",\"contentUrl\":\"https:\\\/\\\/sp-berner.com\\\/wp-content\\\/uploads\\\/2023\\\/05\\\/sp-berner-color.svg\",\"width\":344,\"height\":102,\"caption\":\"Sp-Berner\"},\"image\":{\"@id\":\"https:\\\/\\\/sp-berner.com\\\/en\\\/#\\\/schema\\\/logo\\\/image\\\/\"},\"sameAs\":[\"https:\\\/\\\/www.facebook.com\\\/SpBerner\\\/\"]},{\"@type\":\"Person\",\"@id\":\"https:\\\/\\\/sp-berner.com\\\/en\\\/#\\\/schema\\\/person\\\/d82111c2a2e0d35005db18a9910409a3\",\"name\":\"laclave\"}]}<\/script>\n<!-- \/ Yoast SEO plugin. -->","yoast_head_json":{"title":"4 basics to decorate your terrace this summer","description":"It's the start of summer and we're looking forward to celebrating life and enjoying our favourite outdoor spaces. Here are 4 basics to decorate your terrace!","robots":{"index":"index","follow":"follow","max-snippet":"max-snippet:-1","max-image-preview":"max-image-preview:large","max-video-preview":"max-video-preview:-1"},"canonical":"https:\/\/sp-berner.com\/en\/post\/4-basics-to-decorate-your-terrace-this-summer\/","og_locale":"en_US","og_type":"article","og_title":"4 basics to decorate your terrace this summer","og_description":"It's the start of summer and we're looking forward to celebrating life and enjoying our favourite outdoor spaces. Here are 4 basics to decorate your terrace!","og_url":"https:\/\/sp-berner.com\/en\/post\/4-basics-to-decorate-your-terrace-this-summer\/","og_site_name":"Sp Berner","article_publisher":"https:\/\/www.facebook.com\/SpBerner\/","article_published_time":"2023-06-14T12:18:00+00:00","article_modified_time":"2023-09-04T08:27:25+00:00","og_image":[{"width":1024,"height":941,"url":"https:\/\/sp-berner.com\/wp-content\/uploads\/2023\/08\/post-4-basics-to-decorate-yout-terrace-this-summer.jpg","type":"image\/jpeg"}],"author":"laclave","twitter_card":"summary_large_image","twitter_misc":{"Written by":"laclave","Est. reading time":"5 minutes"},"schema":{"@context":"https:\/\/schema.org","@graph":[{"@type":"Article","@id":"https:\/\/sp-berner.com\/en\/post\/4-basics-to-decorate-your-terrace-this-summer\/#article","isPartOf":{"@id":"https:\/\/sp-berner.com\/en\/post\/4-basics-to-decorate-your-terrace-this-summer\/"},"author":{"name":"laclave","@id":"https:\/\/sp-berner.com\/en\/#\/schema\/person\/d82111c2a2e0d35005db18a9910409a3"},"headline":"4 basics to decorate your terrace this summer","datePublished":"2023-06-14T12:18:00+00:00","dateModified":"2023-09-04T08:27:25+00:00","mainEntityOfPage":{"@id":"https:\/\/sp-berner.com\/en\/post\/4-basics-to-decorate-your-terrace-this-summer\/"},"wordCount":736,"publisher":{"@id":"https:\/\/sp-berner.com\/en\/#organization"},"image":{"@id":"https:\/\/sp-berner.com\/en\/post\/4-basics-to-decorate-your-terrace-this-summer\/#primaryimage"},"thumbnailUrl":"https:\/\/sp-berner.com\/wp-content\/uploads\/2023\/08\/post-4-basics-to-decorate-yout-terrace-this-summer.jpg","articleSection":["Decoration"],"inLanguage":"en-US"},{"@type":"WebPage","@id":"https:\/\/sp-berner.com\/en\/post\/4-basics-to-decorate-your-terrace-this-summer\/","url":"https:\/\/sp-berner.com\/en\/post\/4-basics-to-decorate-your-terrace-this-summer\/","name":"4 basics to decorate your terrace this summer","isPartOf":{"@id":"https:\/\/sp-berner.com\/en\/#website"},"primaryImageOfPage":{"@id":"https:\/\/sp-berner.com\/en\/post\/4-basics-to-decorate-your-terrace-this-summer\/#primaryimage"},"image":{"@id":"https:\/\/sp-berner.com\/en\/post\/4-basics-to-decorate-your-terrace-this-summer\/#primaryimage"},"thumbnailUrl":"https:\/\/sp-berner.com\/wp-content\/uploads\/2023\/08\/post-4-basics-to-decorate-yout-terrace-this-summer.jpg","datePublished":"2023-06-14T12:18:00+00:00","dateModified":"2023-09-04T08:27:25+00:00","description":"It's the start of summer and we're looking forward to celebrating life and enjoying our favourite outdoor spaces. Here are 4 basics to decorate your terrace!","breadcrumb":{"@id":"https:\/\/sp-berner.com\/en\/post\/4-basics-to-decorate-your-terrace-this-summer\/#breadcrumb"},"inLanguage":"en-US","potentialAction":[{"@type":"ReadAction","target":["https:\/\/sp-berner.com\/en\/post\/4-basics-to-decorate-your-terrace-this-summer\/"]}]},{"@type":"ImageObject","inLanguage":"en-US","@id":"https:\/\/sp-berner.com\/en\/post\/4-basics-to-decorate-your-terrace-this-summer\/#primaryimage","url":"https:\/\/sp-berner.com\/wp-content\/uploads\/2023\/08\/post-4-basics-to-decorate-yout-terrace-this-summer.jpg","contentUrl":"https:\/\/sp-berner.com\/wp-content\/uploads\/2023\/08\/post-4-basics-to-decorate-yout-terrace-this-summer.jpg","width":1024,"height":941},{"@type":"BreadcrumbList","@id":"https:\/\/sp-berner.com\/en\/post\/4-basics-to-decorate-your-terrace-this-summer\/#breadcrumb","itemListElement":[{"@type":"ListItem","position":1,"name":"Inicio","item":"https:\/\/sp-berner.com\/en\/"},{"@type":"ListItem","position":2,"name":"Decoration","item":"https:\/\/sp-berner.com\/en\/post\/category\/decoration\/"},{"@type":"ListItem","position":3,"name":"4 basics to decorate your terrace this summer"}]},{"@type":"WebSite","@id":"https:\/\/sp-berner.com\/en\/#website","url":"https:\/\/sp-berner.com\/en\/","name":"Sp-Berner","description":"Fabricantes l\u00edderes en la inyecci\u00f3n de pl\u00e1stico sostenible","publisher":{"@id":"https:\/\/sp-berner.com\/en\/#organization"},"alternateName":"Sp Berner","potentialAction":[{"@type":"SearchAction","target":{"@type":"EntryPoint","urlTemplate":"https:\/\/sp-berner.com\/en\/?s={search_term_string}"},"query-input":{"@type":"PropertyValueSpecification","valueRequired":true,"valueName":"search_term_string"}}],"inLanguage":"en-US"},{"@type":"Organization","@id":"https:\/\/sp-berner.com\/en\/#organization","name":"Sp-Berner","url":"https:\/\/sp-berner.com\/en\/","logo":{"@type":"ImageObject","inLanguage":"en-US","@id":"https:\/\/sp-berner.com\/en\/#\/schema\/logo\/image\/","url":"https:\/\/sp-berner.com\/wp-content\/uploads\/2023\/05\/sp-berner-color.svg","contentUrl":"https:\/\/sp-berner.com\/wp-content\/uploads\/2023\/05\/sp-berner-color.svg","width":344,"height":102,"caption":"Sp-Berner"},"image":{"@id":"https:\/\/sp-berner.com\/en\/#\/schema\/logo\/image\/"},"sameAs":["https:\/\/www.facebook.com\/SpBerner\/"]},{"@type":"Person","@id":"https:\/\/sp-berner.com\/en\/#\/schema\/person\/d82111c2a2e0d35005db18a9910409a3","name":"laclave"}]}},"_links":{"self":[{"href":"https:\/\/sp-berner.com\/en\/wp-json\/wp\/v2\/posts\/24696","targetHints":{"allow":["GET"]}}],"collection":[{"href":"https:\/\/sp-berner.com\/en\/wp-json\/wp\/v2\/posts"}],"about":[{"href":"https:\/\/sp-berner.com\/en\/wp-json\/wp\/v2\/types\/post"}],"author":[{"embeddable":true,"href":"https:\/\/sp-berner.com\/en\/wp-json\/wp\/v2\/users\/186"}],"replies":[{"embeddable":true,"href":"https:\/\/sp-berner.com\/en\/wp-json\/wp\/v2\/comments?post=24696"}],"version-history":[{"count":0,"href":"https:\/\/sp-berner.com\/en\/wp-json\/wp\/v2\/posts\/24696\/revisions"}],"wp:featuredmedia":[{"embeddable":true,"href":"https:\/\/sp-berner.com\/en\/wp-json\/wp\/v2\/media\/24701"}],"wp:attachment":[{"href":"https:\/\/sp-berner.com\/en\/wp-json\/wp\/v2\/media?parent=24696"}],"wp:term":[{"taxonomy":"category","embeddable":true,"href":"https:\/\/sp-berner.com\/en\/wp-json\/wp\/v2\/categories?post=24696"},{"taxonomy":"post_tag","embeddable":true,"href":"https:\/\/sp-berner.com\/en\/wp-json\/wp\/v2\/tags?post=24696"}],"curies":[{"name":"wp","href":"https:\/\/api.w.org\/{rel}","templated":true}]}}