{"id":21173,"date":"2021-01-15T14:33:00","date_gmt":"2021-01-15T14:33:00","guid":{"rendered":"https:\/\/sp-berner.com\/el-programa-aqui-hay-trabajo-visita-la-planta-de-reciclaje-berner\/"},"modified":"2023-09-04T07:27:50","modified_gmt":"2023-09-04T07:27:50","slug":"aqui-hay-trabajo-programme-visits-the-berner-recycling-plant","status":"publish","type":"post","link":"https:\/\/sp-berner.com\/en\/post\/aqui-hay-trabajo-programme-visits-the-berner-recycling-plant\/","title":{"rendered":"&#8220;Aqu\u00ed hay trabajo&#8221; programme visits the Berner recycling plant"},"content":{"rendered":"\n<p>On the 28th of November, <strong>we hosted a visit from TVE\u2019s La2 at our Berner recycling plant<\/strong> in our Aldaia facilities, one of the <strong>largest<\/strong> recycling plants <strong>in Europe<\/strong>.&nbsp;<\/p>\n\n\n\n<p>The report, which was broadcast on 9th December, explains <strong>how we work and the processes we carry out with plastic<\/strong> to give <strong>products a second life<\/strong>, through the voices of the people who make up Sp-Berner.&nbsp;<\/p>\n\n\n\n<figure class=\"wp-block-embed is-type-rich is-provider-embed-handler wp-block-embed-embed-handler wp-embed-aspect-16-9 wp-has-aspect-ratio\"><div class=\"wp-block-embed__wrapper\">\n<iframe title=\"Sp-Berner - Reportaje en &#039;Aqu\u00ed hay trabajo&#039; (La 2)\" width=\"640\" height=\"360\" src=\"https:\/\/www.youtube.com\/embed\/iufRKlfptMM?feature=oembed\" frameborder=\"0\" allow=\"accelerometer; autoplay; clipboard-write; encrypted-media; gyroscope; picture-in-picture; web-share\" referrerpolicy=\"strict-origin-when-cross-origin\" allowfullscreen><\/iframe>\n<\/div><figcaption class=\"wp-element-caption\">Video report from &#8220;Aqu\u00ed hay trabajo&#8221;.<\/figcaption><\/figure>\n\n\n\n<p>First of all, \u00c1frica Toro, our colleague from HR, explained our extensive experience in plastics processing. Sp-Berner, which <strong>recycles around 20,000 tonnes<\/strong> of plastic per year, has <strong>more than 50 years of experience<\/strong> in the sector.&nbsp;<\/p>\n\n\n\n<p>Next up, Ismael S\u00e1nchez, our chemical process engineer, showed them around our recycling plant facilities. Ismael also explained the <strong>cleaning and shredding process<\/strong> we carry out with the recycled plastic at Sp-Berner, to make reusing it possible.&nbsp;<\/p>\n\n\n\n<p>In addition, our visitors heard about the <strong>recycling of thermal blankets<\/strong> currently used in the agricultural sector, which Sp-Berner uses to produce new products and <strong>so prevent them from being disposed of in landfills<\/strong>, as in the past.<\/p>\n\n\n\n<p>In the report, Luis Mora, head of maintenance at the Berner recycling plant, also shows the machinery and facilities that we use to carry out all these processes for producing and reusing plastic.<\/p>\n\n\n\n<p>The cameras of Televisi\u00f3n Espa\u00f1ola\u2019s La2 also visited our <strong>research department<\/strong>. As our colleagues explained, we carry out around <strong>50 trials a week<\/strong> to validate a product. This way, we ensure our products are high-quality, as well as being made from recycled material.<\/p>\n\n\n\n<p>Finally, Vanessa Ruiz explained to our guests that she and our team of operators check the products created, so that each and every one of them leaves our factory in perfect condition and <strong>without any production faults<\/strong>.<\/p>\n\n\n<div class=\"wp-block-image\">\n<figure class=\"aligncenter size-full\"><img fetchpriority=\"high\" decoding=\"async\" width=\"626\" height=\"417\" src=\"https:\/\/sp-berner.com\/wp-content\/uploads\/2023\/06\/TVE.jpg\" alt=\"\" class=\"wp-image-6409\" srcset=\"https:\/\/sp-berner.com\/wp-content\/uploads\/2023\/06\/TVE.jpg 626w, https:\/\/sp-berner.com\/wp-content\/uploads\/2023\/06\/TVE-600x400.jpg 600w\" sizes=\"(max-width: 626px) 100vw, 626px\" \/><\/figure>\n<\/div>\n\n\n<p>This whole process is <a href=\"https:\/\/sp-berner.com\/pure-recycled-plastic-un-gran-paso-adelante-en-el-compromiso-de-sp-berner-con-el-medio-ambiente\/\"><strong>Pure Recycled Plastic<\/strong><\/a>, and we\u2019re very proud to say that it\u2019s a <strong>sustainable<\/strong> way of thinking and <strong>acting.<\/strong><\/p>\n\n\n\n<p>At Sp-Berner, we\u2019re increasingly trying to <strong>stop making excuses<\/strong> when it comes to controlling the impact of our activities, products and services on the environment. Because, in line with the motto of the current climate summit, it\u2019s <strong>\u201ctime for action\u201d<\/strong>.<\/p>\n","protected":false},"excerpt":{"rendered":"<p>There are a thousand excuses, but now that we\u2019re in the middle of the climate summit, every one of us should ask ourselves what we\u2019re doing to save our planet.  [&#8230;]<\/p>\n<p><a class=\"btn btn-secondary understrap-read-more-link\" href=\"https:\/\/sp-berner.com\/en\/post\/aqui-hay-trabajo-programme-visits-the-berner-recycling-plant\/\">Read More&#8230;<span class=\"screen-reader-text\"> from &#8220;Aqu\u00ed hay trabajo&#8221; programme visits the Berner recycling plant<\/span><\/a><\/p>\n","protected":false},"author":186,"featured_media":7934,"comment_status":"closed","ping_status":"closed","sticky":false,"template":"","format":"standard","meta":{"_acf_changed":false,"footnotes":""},"categories":[268],"tags":[],"class_list":["post-21173","post","type-post","status-publish","format-standard","has-post-thumbnail","hentry","category-corporate"],"acf":[],"yoast_head":"<!-- This site is optimized with the Yoast SEO plugin v27.3 - https:\/\/yoast.com\/product\/yoast-seo-wordpress\/ -->\n<title>&quot;Aqu\u00ed hay trabajo&quot; programme visits the Berner recycling plant<\/title>\n<meta name=\"description\" content=\"On the 28th of November, we hosted a visit from TVE\u2019s La2 at our Berner recycling plant in our Aldaia facilities, one of the largest recycling plants in Europe.\u00a0\" \/>\n<meta name=\"robots\" content=\"index, follow, max-snippet:-1, max-image-preview:large, max-video-preview:-1\" \/>\n<link rel=\"canonical\" href=\"https:\/\/sp-berner.com\/en\/post\/aqui-hay-trabajo-programme-visits-the-berner-recycling-plant\/\" \/>\n<meta property=\"og:locale\" content=\"en_US\" \/>\n<meta property=\"og:type\" content=\"article\" \/>\n<meta property=\"og:title\" content=\"&quot;Aqu\u00ed hay trabajo&quot; programme visits the Berner recycling plant\" \/>\n<meta property=\"og:description\" content=\"On the 28th of November, we hosted a visit from TVE\u2019s La2 at our Berner recycling plant in our Aldaia facilities, one of the largest recycling plants in Europe.\u00a0\" \/>\n<meta property=\"og:url\" content=\"https:\/\/sp-berner.com\/en\/post\/aqui-hay-trabajo-programme-visits-the-berner-recycling-plant\/\" \/>\n<meta property=\"og:site_name\" content=\"Sp Berner\" \/>\n<meta property=\"article:publisher\" content=\"https:\/\/www.facebook.com\/SpBerner\/\" \/>\n<meta property=\"article:published_time\" content=\"2021-01-15T14:33:00+00:00\" \/>\n<meta property=\"article:modified_time\" content=\"2023-09-04T07:27:50+00:00\" \/>\n<meta property=\"og:image\" content=\"https:\/\/sp-berner.com\/wp-content\/uploads\/2023\/06\/fabrica-sp-berner.jpg\" \/>\n\t<meta property=\"og:image:width\" content=\"1024\" \/>\n\t<meta property=\"og:image:height\" content=\"1024\" \/>\n\t<meta property=\"og:image:type\" content=\"image\/jpeg\" \/>\n<meta name=\"author\" content=\"laclave\" \/>\n<meta name=\"twitter:card\" content=\"summary_large_image\" \/>\n<meta name=\"twitter:label1\" content=\"Written by\" \/>\n\t<meta name=\"twitter:data1\" content=\"laclave\" \/>\n\t<meta name=\"twitter:label2\" content=\"Est. reading time\" \/>\n\t<meta name=\"twitter:data2\" content=\"2 minutes\" \/>\n<script type=\"application\/ld+json\" class=\"yoast-schema-graph\">{\"@context\":\"https:\\\/\\\/schema.org\",\"@graph\":[{\"@type\":\"Article\",\"@id\":\"https:\\\/\\\/sp-berner.com\\\/en\\\/post\\\/aqui-hay-trabajo-programme-visits-the-berner-recycling-plant\\\/#article\",\"isPartOf\":{\"@id\":\"https:\\\/\\\/sp-berner.com\\\/en\\\/post\\\/aqui-hay-trabajo-programme-visits-the-berner-recycling-plant\\\/\"},\"author\":{\"name\":\"laclave\",\"@id\":\"https:\\\/\\\/sp-berner.com\\\/en\\\/#\\\/schema\\\/person\\\/d82111c2a2e0d35005db18a9910409a3\"},\"headline\":\"&#8220;Aqu\u00ed hay trabajo&#8221; programme visits the Berner recycling plant\",\"datePublished\":\"2021-01-15T14:33:00+00:00\",\"dateModified\":\"2023-09-04T07:27:50+00:00\",\"mainEntityOfPage\":{\"@id\":\"https:\\\/\\\/sp-berner.com\\\/en\\\/post\\\/aqui-hay-trabajo-programme-visits-the-berner-recycling-plant\\\/\"},\"wordCount\":382,\"publisher\":{\"@id\":\"https:\\\/\\\/sp-berner.com\\\/en\\\/#organization\"},\"image\":{\"@id\":\"https:\\\/\\\/sp-berner.com\\\/en\\\/post\\\/aqui-hay-trabajo-programme-visits-the-berner-recycling-plant\\\/#primaryimage\"},\"thumbnailUrl\":\"https:\\\/\\\/sp-berner.com\\\/wp-content\\\/uploads\\\/2023\\\/06\\\/fabrica-sp-berner.jpg\",\"articleSection\":[\"Corporate\"],\"inLanguage\":\"en-US\"},{\"@type\":\"WebPage\",\"@id\":\"https:\\\/\\\/sp-berner.com\\\/en\\\/post\\\/aqui-hay-trabajo-programme-visits-the-berner-recycling-plant\\\/\",\"url\":\"https:\\\/\\\/sp-berner.com\\\/en\\\/post\\\/aqui-hay-trabajo-programme-visits-the-berner-recycling-plant\\\/\",\"name\":\"\\\"Aqu\u00ed hay trabajo\\\" programme visits the Berner recycling plant\",\"isPartOf\":{\"@id\":\"https:\\\/\\\/sp-berner.com\\\/en\\\/#website\"},\"primaryImageOfPage\":{\"@id\":\"https:\\\/\\\/sp-berner.com\\\/en\\\/post\\\/aqui-hay-trabajo-programme-visits-the-berner-recycling-plant\\\/#primaryimage\"},\"image\":{\"@id\":\"https:\\\/\\\/sp-berner.com\\\/en\\\/post\\\/aqui-hay-trabajo-programme-visits-the-berner-recycling-plant\\\/#primaryimage\"},\"thumbnailUrl\":\"https:\\\/\\\/sp-berner.com\\\/wp-content\\\/uploads\\\/2023\\\/06\\\/fabrica-sp-berner.jpg\",\"datePublished\":\"2021-01-15T14:33:00+00:00\",\"dateModified\":\"2023-09-04T07:27:50+00:00\",\"description\":\"On the 28th of November, we hosted a visit from TVE\u2019s La2 at our Berner recycling plant in our Aldaia facilities, one of the largest recycling plants in Europe.\u00a0\",\"breadcrumb\":{\"@id\":\"https:\\\/\\\/sp-berner.com\\\/en\\\/post\\\/aqui-hay-trabajo-programme-visits-the-berner-recycling-plant\\\/#breadcrumb\"},\"inLanguage\":\"en-US\",\"potentialAction\":[{\"@type\":\"ReadAction\",\"target\":[\"https:\\\/\\\/sp-berner.com\\\/en\\\/post\\\/aqui-hay-trabajo-programme-visits-the-berner-recycling-plant\\\/\"]}]},{\"@type\":\"ImageObject\",\"inLanguage\":\"en-US\",\"@id\":\"https:\\\/\\\/sp-berner.com\\\/en\\\/post\\\/aqui-hay-trabajo-programme-visits-the-berner-recycling-plant\\\/#primaryimage\",\"url\":\"https:\\\/\\\/sp-berner.com\\\/wp-content\\\/uploads\\\/2023\\\/06\\\/fabrica-sp-berner.jpg\",\"contentUrl\":\"https:\\\/\\\/sp-berner.com\\\/wp-content\\\/uploads\\\/2023\\\/06\\\/fabrica-sp-berner.jpg\",\"width\":1024,\"height\":1024},{\"@type\":\"BreadcrumbList\",\"@id\":\"https:\\\/\\\/sp-berner.com\\\/en\\\/post\\\/aqui-hay-trabajo-programme-visits-the-berner-recycling-plant\\\/#breadcrumb\",\"itemListElement\":[{\"@type\":\"ListItem\",\"position\":1,\"name\":\"Inicio\",\"item\":\"https:\\\/\\\/sp-berner.com\\\/en\\\/\"},{\"@type\":\"ListItem\",\"position\":2,\"name\":\"Corporate\",\"item\":\"https:\\\/\\\/sp-berner.com\\\/en\\\/post\\\/category\\\/corporate\\\/\"},{\"@type\":\"ListItem\",\"position\":3,\"name\":\"&#8220;Aqu\u00ed hay trabajo&#8221; programme visits the Berner recycling plant\"}]},{\"@type\":\"WebSite\",\"@id\":\"https:\\\/\\\/sp-berner.com\\\/en\\\/#website\",\"url\":\"https:\\\/\\\/sp-berner.com\\\/en\\\/\",\"name\":\"Sp-Berner\",\"description\":\"Fabricantes l\u00edderes en la inyecci\u00f3n de pl\u00e1stico sostenible\",\"publisher\":{\"@id\":\"https:\\\/\\\/sp-berner.com\\\/en\\\/#organization\"},\"alternateName\":\"Sp Berner\",\"potentialAction\":[{\"@type\":\"SearchAction\",\"target\":{\"@type\":\"EntryPoint\",\"urlTemplate\":\"https:\\\/\\\/sp-berner.com\\\/en\\\/?s={search_term_string}\"},\"query-input\":{\"@type\":\"PropertyValueSpecification\",\"valueRequired\":true,\"valueName\":\"search_term_string\"}}],\"inLanguage\":\"en-US\"},{\"@type\":\"Organization\",\"@id\":\"https:\\\/\\\/sp-berner.com\\\/en\\\/#organization\",\"name\":\"Sp-Berner\",\"url\":\"https:\\\/\\\/sp-berner.com\\\/en\\\/\",\"logo\":{\"@type\":\"ImageObject\",\"inLanguage\":\"en-US\",\"@id\":\"https:\\\/\\\/sp-berner.com\\\/en\\\/#\\\/schema\\\/logo\\\/image\\\/\",\"url\":\"https:\\\/\\\/sp-berner.com\\\/wp-content\\\/uploads\\\/2023\\\/05\\\/sp-berner-color.svg\",\"contentUrl\":\"https:\\\/\\\/sp-berner.com\\\/wp-content\\\/uploads\\\/2023\\\/05\\\/sp-berner-color.svg\",\"width\":344,\"height\":102,\"caption\":\"Sp-Berner\"},\"image\":{\"@id\":\"https:\\\/\\\/sp-berner.com\\\/en\\\/#\\\/schema\\\/logo\\\/image\\\/\"},\"sameAs\":[\"https:\\\/\\\/www.facebook.com\\\/SpBerner\\\/\"]},{\"@type\":\"Person\",\"@id\":\"https:\\\/\\\/sp-berner.com\\\/en\\\/#\\\/schema\\\/person\\\/d82111c2a2e0d35005db18a9910409a3\",\"name\":\"laclave\"}]}<\/script>\n<!-- \/ Yoast SEO plugin. -->","yoast_head_json":{"title":"\"Aqu\u00ed hay trabajo\" programme visits the Berner recycling plant","description":"On the 28th of November, we hosted a visit from TVE\u2019s La2 at our Berner recycling plant in our Aldaia facilities, one of the largest recycling plants in Europe.\u00a0","robots":{"index":"index","follow":"follow","max-snippet":"max-snippet:-1","max-image-preview":"max-image-preview:large","max-video-preview":"max-video-preview:-1"},"canonical":"https:\/\/sp-berner.com\/en\/post\/aqui-hay-trabajo-programme-visits-the-berner-recycling-plant\/","og_locale":"en_US","og_type":"article","og_title":"\"Aqu\u00ed hay trabajo\" programme visits the Berner recycling plant","og_description":"On the 28th of November, we hosted a visit from TVE\u2019s La2 at our Berner recycling plant in our Aldaia facilities, one of the largest recycling plants in Europe.\u00a0","og_url":"https:\/\/sp-berner.com\/en\/post\/aqui-hay-trabajo-programme-visits-the-berner-recycling-plant\/","og_site_name":"Sp Berner","article_publisher":"https:\/\/www.facebook.com\/SpBerner\/","article_published_time":"2021-01-15T14:33:00+00:00","article_modified_time":"2023-09-04T07:27:50+00:00","og_image":[{"width":1024,"height":1024,"url":"https:\/\/sp-berner.com\/wp-content\/uploads\/2023\/06\/fabrica-sp-berner.jpg","type":"image\/jpeg"}],"author":"laclave","twitter_card":"summary_large_image","twitter_misc":{"Written by":"laclave","Est. reading time":"2 minutes"},"schema":{"@context":"https:\/\/schema.org","@graph":[{"@type":"Article","@id":"https:\/\/sp-berner.com\/en\/post\/aqui-hay-trabajo-programme-visits-the-berner-recycling-plant\/#article","isPartOf":{"@id":"https:\/\/sp-berner.com\/en\/post\/aqui-hay-trabajo-programme-visits-the-berner-recycling-plant\/"},"author":{"name":"laclave","@id":"https:\/\/sp-berner.com\/en\/#\/schema\/person\/d82111c2a2e0d35005db18a9910409a3"},"headline":"&#8220;Aqu\u00ed hay trabajo&#8221; programme visits the Berner recycling plant","datePublished":"2021-01-15T14:33:00+00:00","dateModified":"2023-09-04T07:27:50+00:00","mainEntityOfPage":{"@id":"https:\/\/sp-berner.com\/en\/post\/aqui-hay-trabajo-programme-visits-the-berner-recycling-plant\/"},"wordCount":382,"publisher":{"@id":"https:\/\/sp-berner.com\/en\/#organization"},"image":{"@id":"https:\/\/sp-berner.com\/en\/post\/aqui-hay-trabajo-programme-visits-the-berner-recycling-plant\/#primaryimage"},"thumbnailUrl":"https:\/\/sp-berner.com\/wp-content\/uploads\/2023\/06\/fabrica-sp-berner.jpg","articleSection":["Corporate"],"inLanguage":"en-US"},{"@type":"WebPage","@id":"https:\/\/sp-berner.com\/en\/post\/aqui-hay-trabajo-programme-visits-the-berner-recycling-plant\/","url":"https:\/\/sp-berner.com\/en\/post\/aqui-hay-trabajo-programme-visits-the-berner-recycling-plant\/","name":"\"Aqu\u00ed hay trabajo\" programme visits the Berner recycling plant","isPartOf":{"@id":"https:\/\/sp-berner.com\/en\/#website"},"primaryImageOfPage":{"@id":"https:\/\/sp-berner.com\/en\/post\/aqui-hay-trabajo-programme-visits-the-berner-recycling-plant\/#primaryimage"},"image":{"@id":"https:\/\/sp-berner.com\/en\/post\/aqui-hay-trabajo-programme-visits-the-berner-recycling-plant\/#primaryimage"},"thumbnailUrl":"https:\/\/sp-berner.com\/wp-content\/uploads\/2023\/06\/fabrica-sp-berner.jpg","datePublished":"2021-01-15T14:33:00+00:00","dateModified":"2023-09-04T07:27:50+00:00","description":"On the 28th of November, we hosted a visit from TVE\u2019s La2 at our Berner recycling plant in our Aldaia facilities, one of the largest recycling plants in Europe.\u00a0","breadcrumb":{"@id":"https:\/\/sp-berner.com\/en\/post\/aqui-hay-trabajo-programme-visits-the-berner-recycling-plant\/#breadcrumb"},"inLanguage":"en-US","potentialAction":[{"@type":"ReadAction","target":["https:\/\/sp-berner.com\/en\/post\/aqui-hay-trabajo-programme-visits-the-berner-recycling-plant\/"]}]},{"@type":"ImageObject","inLanguage":"en-US","@id":"https:\/\/sp-berner.com\/en\/post\/aqui-hay-trabajo-programme-visits-the-berner-recycling-plant\/#primaryimage","url":"https:\/\/sp-berner.com\/wp-content\/uploads\/2023\/06\/fabrica-sp-berner.jpg","contentUrl":"https:\/\/sp-berner.com\/wp-content\/uploads\/2023\/06\/fabrica-sp-berner.jpg","width":1024,"height":1024},{"@type":"BreadcrumbList","@id":"https:\/\/sp-berner.com\/en\/post\/aqui-hay-trabajo-programme-visits-the-berner-recycling-plant\/#breadcrumb","itemListElement":[{"@type":"ListItem","position":1,"name":"Inicio","item":"https:\/\/sp-berner.com\/en\/"},{"@type":"ListItem","position":2,"name":"Corporate","item":"https:\/\/sp-berner.com\/en\/post\/category\/corporate\/"},{"@type":"ListItem","position":3,"name":"&#8220;Aqu\u00ed hay trabajo&#8221; programme visits the Berner recycling plant"}]},{"@type":"WebSite","@id":"https:\/\/sp-berner.com\/en\/#website","url":"https:\/\/sp-berner.com\/en\/","name":"Sp-Berner","description":"Fabricantes l\u00edderes en la inyecci\u00f3n de pl\u00e1stico sostenible","publisher":{"@id":"https:\/\/sp-berner.com\/en\/#organization"},"alternateName":"Sp Berner","potentialAction":[{"@type":"SearchAction","target":{"@type":"EntryPoint","urlTemplate":"https:\/\/sp-berner.com\/en\/?s={search_term_string}"},"query-input":{"@type":"PropertyValueSpecification","valueRequired":true,"valueName":"search_term_string"}}],"inLanguage":"en-US"},{"@type":"Organization","@id":"https:\/\/sp-berner.com\/en\/#organization","name":"Sp-Berner","url":"https:\/\/sp-berner.com\/en\/","logo":{"@type":"ImageObject","inLanguage":"en-US","@id":"https:\/\/sp-berner.com\/en\/#\/schema\/logo\/image\/","url":"https:\/\/sp-berner.com\/wp-content\/uploads\/2023\/05\/sp-berner-color.svg","contentUrl":"https:\/\/sp-berner.com\/wp-content\/uploads\/2023\/05\/sp-berner-color.svg","width":344,"height":102,"caption":"Sp-Berner"},"image":{"@id":"https:\/\/sp-berner.com\/en\/#\/schema\/logo\/image\/"},"sameAs":["https:\/\/www.facebook.com\/SpBerner\/"]},{"@type":"Person","@id":"https:\/\/sp-berner.com\/en\/#\/schema\/person\/d82111c2a2e0d35005db18a9910409a3","name":"laclave"}]}},"_links":{"self":[{"href":"https:\/\/sp-berner.com\/en\/wp-json\/wp\/v2\/posts\/21173","targetHints":{"allow":["GET"]}}],"collection":[{"href":"https:\/\/sp-berner.com\/en\/wp-json\/wp\/v2\/posts"}],"about":[{"href":"https:\/\/sp-berner.com\/en\/wp-json\/wp\/v2\/types\/post"}],"author":[{"embeddable":true,"href":"https:\/\/sp-berner.com\/en\/wp-json\/wp\/v2\/users\/186"}],"replies":[{"embeddable":true,"href":"https:\/\/sp-berner.com\/en\/wp-json\/wp\/v2\/comments?post=21173"}],"version-history":[{"count":0,"href":"https:\/\/sp-berner.com\/en\/wp-json\/wp\/v2\/posts\/21173\/revisions"}],"wp:featuredmedia":[{"embeddable":true,"href":"https:\/\/sp-berner.com\/en\/wp-json\/wp\/v2\/media\/7934"}],"wp:attachment":[{"href":"https:\/\/sp-berner.com\/en\/wp-json\/wp\/v2\/media?parent=21173"}],"wp:term":[{"taxonomy":"category","embeddable":true,"href":"https:\/\/sp-berner.com\/en\/wp-json\/wp\/v2\/categories?post=21173"},{"taxonomy":"post_tag","embeddable":true,"href":"https:\/\/sp-berner.com\/en\/wp-json\/wp\/v2\/tags?post=21173"}],"curies":[{"name":"wp","href":"https:\/\/api.w.org\/{rel}","templated":true}]}}