{"id":20661,"date":"2023-01-24T08:37:00","date_gmt":"2023-01-24T08:37:00","guid":{"rendered":"https:\/\/sp-berner.com\/asistimos-a-la-feria-ambiente-2023\/"},"modified":"2023-09-04T07:23:34","modified_gmt":"2023-09-04T07:23:34","slug":"we-re-attending-ambiente-fair-2023","status":"publish","type":"post","link":"https:\/\/sp-berner.com\/en\/post\/we-re-attending-ambiente-fair-2023\/","title":{"rendered":"We\u2019re attending Ambiente Fair 2023!"},"content":{"rendered":"\n<p>This world-renowned event brings together the leading and most representative companies in the sector. This is an unmissable event for companies and professionals, where the latest market trends are very much present.&nbsp;<\/p>\n\n\n\n<p>This year, more than 4,500 exhibitors from all over the world will be showcasing kitchen, home, decoration and furniture products. Last year, around 144,000 trade visitors brought the event to life.<\/p>\n\n\n\n<h2 class=\"wp-block-heading\">SP-BERNER AT AMBIENTE 2023<\/h2>\n\n\n\n<p>A meeting point where you can discover the new products across Cleaning Solutions, Kitchenware and Home Storage that the brand presents. In addition, the focus will be on design, creativity, trend presentations, exhibitions, awards and sustainability.<\/p>\n\n\n\n<p>For this edition, SP-Berner has been selected to be part of the <strong>Ethical Style by Ambiente<\/strong> programme. It\u2019s a recognition for socially responsible exhibitors. This responsibility is a source of pride, and reinforces SP-Berner&#8217;s commitment as a recycler and converter of post-consumer and post-industrial plastics for over a decade.&nbsp;<\/p>\n\n\n\n<p>What better occasion to get to know all the market trends? Take the opportunity to experience them first-hand by visiting <strong>Stand B20<\/strong>, where we\u2019ll be presenting our latest projects and new products.s.<\/p>\n\n\n\n<p><strong>We\u2019ll be delighted to assist you!<\/strong><\/p>\n\n\n<div class=\"wp-block-image\">\n<figure class=\"alignleft size-full\"><a href=\"https:\/\/sp-berner.com\/wp-content\/uploads\/2023\/06\/stand-sp-berner-feria-ambiente.gif\"><img fetchpriority=\"high\" decoding=\"async\" width=\"908\" height=\"553\" src=\"https:\/\/sp-berner.com\/wp-content\/uploads\/2023\/06\/stand-sp-berner-feria-ambiente.gif\" alt=\"Feria Ambiente Stand de SP BERNER\" class=\"wp-image-5299\"\/><\/a><\/figure>\n<\/div>","protected":false},"excerpt":{"rendered":"<p>From 3rd-7th February in Frankfurt (Germany), Sp-Berner will once again be exhibiting at the most important consumer trade fair of the year: Ambiente 2023. [&#8230;]<\/p>\n<p><a class=\"btn btn-secondary understrap-read-more-link\" href=\"https:\/\/sp-berner.com\/en\/post\/we-re-attending-ambiente-fair-2023\/\">Read More&#8230;<span class=\"screen-reader-text\"> from We\u2019re attending Ambiente Fair 2023!<\/span><\/a><\/p>\n","protected":false},"author":186,"featured_media":10676,"comment_status":"closed","ping_status":"closed","sticky":false,"template":"","format":"standard","meta":{"_acf_changed":false,"footnotes":""},"categories":[268],"tags":[],"class_list":["post-20661","post","type-post","status-publish","format-standard","has-post-thumbnail","hentry","category-corporate"],"acf":[],"yoast_head":"<!-- This site is optimized with the Yoast SEO plugin v27.3 - https:\/\/yoast.com\/product\/yoast-seo-wordpress\/ -->\n<title>We\u2019re attending Ambiente Fair 2023!<\/title>\n<meta name=\"description\" content=\"From February 3 to 7 in Frankfurt, Sp-Berner will once again participate in the most important consumer trade fair of the year: Ambiente 2023.\" \/>\n<meta name=\"robots\" content=\"index, follow, max-snippet:-1, max-image-preview:large, max-video-preview:-1\" \/>\n<link rel=\"canonical\" href=\"https:\/\/sp-berner.com\/en\/post\/we-re-attending-ambiente-fair-2023\/\" \/>\n<meta property=\"og:locale\" content=\"en_US\" \/>\n<meta property=\"og:type\" content=\"article\" \/>\n<meta property=\"og:title\" content=\"We\u2019re attending Ambiente Fair 2023!\" \/>\n<meta property=\"og:description\" content=\"From February 3 to 7 in Frankfurt, Sp-Berner will once again participate in the most important consumer trade fair of the year: Ambiente 2023.\" \/>\n<meta property=\"og:url\" content=\"https:\/\/sp-berner.com\/en\/post\/we-re-attending-ambiente-fair-2023\/\" \/>\n<meta property=\"og:site_name\" content=\"Sp Berner\" \/>\n<meta property=\"article:publisher\" content=\"https:\/\/www.facebook.com\/SpBerner\/\" \/>\n<meta property=\"article:published_time\" content=\"2023-01-24T08:37:00+00:00\" \/>\n<meta property=\"article:modified_time\" content=\"2023-09-04T07:23:34+00:00\" \/>\n<meta property=\"og:image\" content=\"https:\/\/sp-berner.com\/wp-content\/uploads\/2023\/01\/feria-spberner-ambiente23-1.jpg\" \/>\n\t<meta property=\"og:image:width\" content=\"1065\" \/>\n\t<meta property=\"og:image:height\" content=\"553\" \/>\n\t<meta property=\"og:image:type\" content=\"image\/jpeg\" \/>\n<meta name=\"author\" content=\"laclave\" \/>\n<meta name=\"twitter:card\" content=\"summary_large_image\" \/>\n<meta name=\"twitter:label1\" content=\"Written by\" \/>\n\t<meta name=\"twitter:data1\" content=\"laclave\" \/>\n\t<meta name=\"twitter:label2\" content=\"Est. reading time\" \/>\n\t<meta name=\"twitter:data2\" content=\"2 minutes\" \/>\n<script type=\"application\/ld+json\" class=\"yoast-schema-graph\">{\"@context\":\"https:\\\/\\\/schema.org\",\"@graph\":[{\"@type\":\"Article\",\"@id\":\"https:\\\/\\\/sp-berner.com\\\/en\\\/post\\\/we-re-attending-ambiente-fair-2023\\\/#article\",\"isPartOf\":{\"@id\":\"https:\\\/\\\/sp-berner.com\\\/en\\\/post\\\/we-re-attending-ambiente-fair-2023\\\/\"},\"author\":{\"name\":\"laclave\",\"@id\":\"https:\\\/\\\/sp-berner.com\\\/en\\\/#\\\/schema\\\/person\\\/d82111c2a2e0d35005db18a9910409a3\"},\"headline\":\"We\u2019re attending Ambiente Fair 2023!\",\"datePublished\":\"2023-01-24T08:37:00+00:00\",\"dateModified\":\"2023-09-04T07:23:34+00:00\",\"mainEntityOfPage\":{\"@id\":\"https:\\\/\\\/sp-berner.com\\\/en\\\/post\\\/we-re-attending-ambiente-fair-2023\\\/\"},\"wordCount\":198,\"publisher\":{\"@id\":\"https:\\\/\\\/sp-berner.com\\\/en\\\/#organization\"},\"image\":{\"@id\":\"https:\\\/\\\/sp-berner.com\\\/en\\\/post\\\/we-re-attending-ambiente-fair-2023\\\/#primaryimage\"},\"thumbnailUrl\":\"https:\\\/\\\/sp-berner.com\\\/wp-content\\\/uploads\\\/2023\\\/01\\\/feria-spberner-ambiente23-1.jpg\",\"articleSection\":[\"Corporate\"],\"inLanguage\":\"en-US\"},{\"@type\":\"WebPage\",\"@id\":\"https:\\\/\\\/sp-berner.com\\\/en\\\/post\\\/we-re-attending-ambiente-fair-2023\\\/\",\"url\":\"https:\\\/\\\/sp-berner.com\\\/en\\\/post\\\/we-re-attending-ambiente-fair-2023\\\/\",\"name\":\"We\u2019re attending Ambiente Fair 2023!\",\"isPartOf\":{\"@id\":\"https:\\\/\\\/sp-berner.com\\\/en\\\/#website\"},\"primaryImageOfPage\":{\"@id\":\"https:\\\/\\\/sp-berner.com\\\/en\\\/post\\\/we-re-attending-ambiente-fair-2023\\\/#primaryimage\"},\"image\":{\"@id\":\"https:\\\/\\\/sp-berner.com\\\/en\\\/post\\\/we-re-attending-ambiente-fair-2023\\\/#primaryimage\"},\"thumbnailUrl\":\"https:\\\/\\\/sp-berner.com\\\/wp-content\\\/uploads\\\/2023\\\/01\\\/feria-spberner-ambiente23-1.jpg\",\"datePublished\":\"2023-01-24T08:37:00+00:00\",\"dateModified\":\"2023-09-04T07:23:34+00:00\",\"description\":\"From February 3 to 7 in Frankfurt, Sp-Berner will once again participate in the most important consumer trade fair of the year: Ambiente 2023.\",\"breadcrumb\":{\"@id\":\"https:\\\/\\\/sp-berner.com\\\/en\\\/post\\\/we-re-attending-ambiente-fair-2023\\\/#breadcrumb\"},\"inLanguage\":\"en-US\",\"potentialAction\":[{\"@type\":\"ReadAction\",\"target\":[\"https:\\\/\\\/sp-berner.com\\\/en\\\/post\\\/we-re-attending-ambiente-fair-2023\\\/\"]}]},{\"@type\":\"ImageObject\",\"inLanguage\":\"en-US\",\"@id\":\"https:\\\/\\\/sp-berner.com\\\/en\\\/post\\\/we-re-attending-ambiente-fair-2023\\\/#primaryimage\",\"url\":\"https:\\\/\\\/sp-berner.com\\\/wp-content\\\/uploads\\\/2023\\\/01\\\/feria-spberner-ambiente23-1.jpg\",\"contentUrl\":\"https:\\\/\\\/sp-berner.com\\\/wp-content\\\/uploads\\\/2023\\\/01\\\/feria-spberner-ambiente23-1.jpg\",\"width\":1065,\"height\":553,\"caption\":\"\u00a1Asistimos a la Feria Ambiente 2023!\"},{\"@type\":\"BreadcrumbList\",\"@id\":\"https:\\\/\\\/sp-berner.com\\\/en\\\/post\\\/we-re-attending-ambiente-fair-2023\\\/#breadcrumb\",\"itemListElement\":[{\"@type\":\"ListItem\",\"position\":1,\"name\":\"Inicio\",\"item\":\"https:\\\/\\\/sp-berner.com\\\/en\\\/\"},{\"@type\":\"ListItem\",\"position\":2,\"name\":\"Corporate\",\"item\":\"https:\\\/\\\/sp-berner.com\\\/en\\\/post\\\/category\\\/corporate\\\/\"},{\"@type\":\"ListItem\",\"position\":3,\"name\":\"We\u2019re attending Ambiente Fair 2023!\"}]},{\"@type\":\"WebSite\",\"@id\":\"https:\\\/\\\/sp-berner.com\\\/en\\\/#website\",\"url\":\"https:\\\/\\\/sp-berner.com\\\/en\\\/\",\"name\":\"Sp-Berner\",\"description\":\"Fabricantes l\u00edderes en la inyecci\u00f3n de pl\u00e1stico sostenible\",\"publisher\":{\"@id\":\"https:\\\/\\\/sp-berner.com\\\/en\\\/#organization\"},\"alternateName\":\"Sp Berner\",\"potentialAction\":[{\"@type\":\"SearchAction\",\"target\":{\"@type\":\"EntryPoint\",\"urlTemplate\":\"https:\\\/\\\/sp-berner.com\\\/en\\\/?s={search_term_string}\"},\"query-input\":{\"@type\":\"PropertyValueSpecification\",\"valueRequired\":true,\"valueName\":\"search_term_string\"}}],\"inLanguage\":\"en-US\"},{\"@type\":\"Organization\",\"@id\":\"https:\\\/\\\/sp-berner.com\\\/en\\\/#organization\",\"name\":\"Sp-Berner\",\"url\":\"https:\\\/\\\/sp-berner.com\\\/en\\\/\",\"logo\":{\"@type\":\"ImageObject\",\"inLanguage\":\"en-US\",\"@id\":\"https:\\\/\\\/sp-berner.com\\\/en\\\/#\\\/schema\\\/logo\\\/image\\\/\",\"url\":\"https:\\\/\\\/sp-berner.com\\\/wp-content\\\/uploads\\\/2023\\\/05\\\/sp-berner-color.svg\",\"contentUrl\":\"https:\\\/\\\/sp-berner.com\\\/wp-content\\\/uploads\\\/2023\\\/05\\\/sp-berner-color.svg\",\"width\":344,\"height\":102,\"caption\":\"Sp-Berner\"},\"image\":{\"@id\":\"https:\\\/\\\/sp-berner.com\\\/en\\\/#\\\/schema\\\/logo\\\/image\\\/\"},\"sameAs\":[\"https:\\\/\\\/www.facebook.com\\\/SpBerner\\\/\"]},{\"@type\":\"Person\",\"@id\":\"https:\\\/\\\/sp-berner.com\\\/en\\\/#\\\/schema\\\/person\\\/d82111c2a2e0d35005db18a9910409a3\",\"name\":\"laclave\"}]}<\/script>\n<!-- \/ Yoast SEO plugin. -->","yoast_head_json":{"title":"We\u2019re attending Ambiente Fair 2023!","description":"From February 3 to 7 in Frankfurt, Sp-Berner will once again participate in the most important consumer trade fair of the year: Ambiente 2023.","robots":{"index":"index","follow":"follow","max-snippet":"max-snippet:-1","max-image-preview":"max-image-preview:large","max-video-preview":"max-video-preview:-1"},"canonical":"https:\/\/sp-berner.com\/en\/post\/we-re-attending-ambiente-fair-2023\/","og_locale":"en_US","og_type":"article","og_title":"We\u2019re attending Ambiente Fair 2023!","og_description":"From February 3 to 7 in Frankfurt, Sp-Berner will once again participate in the most important consumer trade fair of the year: Ambiente 2023.","og_url":"https:\/\/sp-berner.com\/en\/post\/we-re-attending-ambiente-fair-2023\/","og_site_name":"Sp Berner","article_publisher":"https:\/\/www.facebook.com\/SpBerner\/","article_published_time":"2023-01-24T08:37:00+00:00","article_modified_time":"2023-09-04T07:23:34+00:00","og_image":[{"width":1065,"height":553,"url":"https:\/\/sp-berner.com\/wp-content\/uploads\/2023\/01\/feria-spberner-ambiente23-1.jpg","type":"image\/jpeg"}],"author":"laclave","twitter_card":"summary_large_image","twitter_misc":{"Written by":"laclave","Est. reading time":"2 minutes"},"schema":{"@context":"https:\/\/schema.org","@graph":[{"@type":"Article","@id":"https:\/\/sp-berner.com\/en\/post\/we-re-attending-ambiente-fair-2023\/#article","isPartOf":{"@id":"https:\/\/sp-berner.com\/en\/post\/we-re-attending-ambiente-fair-2023\/"},"author":{"name":"laclave","@id":"https:\/\/sp-berner.com\/en\/#\/schema\/person\/d82111c2a2e0d35005db18a9910409a3"},"headline":"We\u2019re attending Ambiente Fair 2023!","datePublished":"2023-01-24T08:37:00+00:00","dateModified":"2023-09-04T07:23:34+00:00","mainEntityOfPage":{"@id":"https:\/\/sp-berner.com\/en\/post\/we-re-attending-ambiente-fair-2023\/"},"wordCount":198,"publisher":{"@id":"https:\/\/sp-berner.com\/en\/#organization"},"image":{"@id":"https:\/\/sp-berner.com\/en\/post\/we-re-attending-ambiente-fair-2023\/#primaryimage"},"thumbnailUrl":"https:\/\/sp-berner.com\/wp-content\/uploads\/2023\/01\/feria-spberner-ambiente23-1.jpg","articleSection":["Corporate"],"inLanguage":"en-US"},{"@type":"WebPage","@id":"https:\/\/sp-berner.com\/en\/post\/we-re-attending-ambiente-fair-2023\/","url":"https:\/\/sp-berner.com\/en\/post\/we-re-attending-ambiente-fair-2023\/","name":"We\u2019re attending Ambiente Fair 2023!","isPartOf":{"@id":"https:\/\/sp-berner.com\/en\/#website"},"primaryImageOfPage":{"@id":"https:\/\/sp-berner.com\/en\/post\/we-re-attending-ambiente-fair-2023\/#primaryimage"},"image":{"@id":"https:\/\/sp-berner.com\/en\/post\/we-re-attending-ambiente-fair-2023\/#primaryimage"},"thumbnailUrl":"https:\/\/sp-berner.com\/wp-content\/uploads\/2023\/01\/feria-spberner-ambiente23-1.jpg","datePublished":"2023-01-24T08:37:00+00:00","dateModified":"2023-09-04T07:23:34+00:00","description":"From February 3 to 7 in Frankfurt, Sp-Berner will once again participate in the most important consumer trade fair of the year: Ambiente 2023.","breadcrumb":{"@id":"https:\/\/sp-berner.com\/en\/post\/we-re-attending-ambiente-fair-2023\/#breadcrumb"},"inLanguage":"en-US","potentialAction":[{"@type":"ReadAction","target":["https:\/\/sp-berner.com\/en\/post\/we-re-attending-ambiente-fair-2023\/"]}]},{"@type":"ImageObject","inLanguage":"en-US","@id":"https:\/\/sp-berner.com\/en\/post\/we-re-attending-ambiente-fair-2023\/#primaryimage","url":"https:\/\/sp-berner.com\/wp-content\/uploads\/2023\/01\/feria-spberner-ambiente23-1.jpg","contentUrl":"https:\/\/sp-berner.com\/wp-content\/uploads\/2023\/01\/feria-spberner-ambiente23-1.jpg","width":1065,"height":553,"caption":"\u00a1Asistimos a la Feria Ambiente 2023!"},{"@type":"BreadcrumbList","@id":"https:\/\/sp-berner.com\/en\/post\/we-re-attending-ambiente-fair-2023\/#breadcrumb","itemListElement":[{"@type":"ListItem","position":1,"name":"Inicio","item":"https:\/\/sp-berner.com\/en\/"},{"@type":"ListItem","position":2,"name":"Corporate","item":"https:\/\/sp-berner.com\/en\/post\/category\/corporate\/"},{"@type":"ListItem","position":3,"name":"We\u2019re attending Ambiente Fair 2023!"}]},{"@type":"WebSite","@id":"https:\/\/sp-berner.com\/en\/#website","url":"https:\/\/sp-berner.com\/en\/","name":"Sp-Berner","description":"Fabricantes l\u00edderes en la inyecci\u00f3n de pl\u00e1stico sostenible","publisher":{"@id":"https:\/\/sp-berner.com\/en\/#organization"},"alternateName":"Sp Berner","potentialAction":[{"@type":"SearchAction","target":{"@type":"EntryPoint","urlTemplate":"https:\/\/sp-berner.com\/en\/?s={search_term_string}"},"query-input":{"@type":"PropertyValueSpecification","valueRequired":true,"valueName":"search_term_string"}}],"inLanguage":"en-US"},{"@type":"Organization","@id":"https:\/\/sp-berner.com\/en\/#organization","name":"Sp-Berner","url":"https:\/\/sp-berner.com\/en\/","logo":{"@type":"ImageObject","inLanguage":"en-US","@id":"https:\/\/sp-berner.com\/en\/#\/schema\/logo\/image\/","url":"https:\/\/sp-berner.com\/wp-content\/uploads\/2023\/05\/sp-berner-color.svg","contentUrl":"https:\/\/sp-berner.com\/wp-content\/uploads\/2023\/05\/sp-berner-color.svg","width":344,"height":102,"caption":"Sp-Berner"},"image":{"@id":"https:\/\/sp-berner.com\/en\/#\/schema\/logo\/image\/"},"sameAs":["https:\/\/www.facebook.com\/SpBerner\/"]},{"@type":"Person","@id":"https:\/\/sp-berner.com\/en\/#\/schema\/person\/d82111c2a2e0d35005db18a9910409a3","name":"laclave"}]}},"_links":{"self":[{"href":"https:\/\/sp-berner.com\/en\/wp-json\/wp\/v2\/posts\/20661","targetHints":{"allow":["GET"]}}],"collection":[{"href":"https:\/\/sp-berner.com\/en\/wp-json\/wp\/v2\/posts"}],"about":[{"href":"https:\/\/sp-berner.com\/en\/wp-json\/wp\/v2\/types\/post"}],"author":[{"embeddable":true,"href":"https:\/\/sp-berner.com\/en\/wp-json\/wp\/v2\/users\/186"}],"replies":[{"embeddable":true,"href":"https:\/\/sp-berner.com\/en\/wp-json\/wp\/v2\/comments?post=20661"}],"version-history":[{"count":0,"href":"https:\/\/sp-berner.com\/en\/wp-json\/wp\/v2\/posts\/20661\/revisions"}],"wp:featuredmedia":[{"embeddable":true,"href":"https:\/\/sp-berner.com\/en\/wp-json\/wp\/v2\/media\/10676"}],"wp:attachment":[{"href":"https:\/\/sp-berner.com\/en\/wp-json\/wp\/v2\/media?parent=20661"}],"wp:term":[{"taxonomy":"category","embeddable":true,"href":"https:\/\/sp-berner.com\/en\/wp-json\/wp\/v2\/categories?post=20661"},{"taxonomy":"post_tag","embeddable":true,"href":"https:\/\/sp-berner.com\/en\/wp-json\/wp\/v2\/tags?post=20661"}],"curies":[{"name":"wp","href":"https:\/\/api.w.org\/{rel}","templated":true}]}}