{"id":20655,"date":"2023-03-10T08:26:00","date_gmt":"2023-03-10T08:26:00","guid":{"rendered":"https:\/\/sp-berner.com\/asi-fue-el-paso-de-sp-berner-por-la-feria-ambiente-2023\/"},"modified":"2023-09-04T08:20:28","modified_gmt":"2023-09-04T08:20:28","slug":"sp-berner-visit-the-ambiente-fair-2023","status":"publish","type":"post","link":"https:\/\/sp-berner.com\/en\/post\/sp-berner-visit-the-ambiente-fair-2023\/","title":{"rendered":"Sp-Berner&#8217;s visit to the Ambiente Fair 2023"},"content":{"rendered":"\n<div class=\"wp-block-columns is-layout-flex wp-container-core-columns-is-layout-9d6595d7 wp-block-columns-is-layout-flex\">\n<div class=\"wp-block-column is-layout-flow wp-block-column-is-layout-flow\" style=\"flex-basis:33.33%\">\n<p>This edition was a reunion for the international household consumer goods industry after two years of absence due to the health crisis. The latest trends in tableware, kitchenware and homeware were presented, with a unique and diverse offering for the entire ecosystem worldwide.<\/p>\n\n\n\n<p>Our stand this year, inspired by the motto &#8220;<strong>Life begins at home<\/strong>&#8220;, brought together our entire portfolio of sustainable solutions for the home across the Cleaning Solutions, Kitchenware and Home Storage areas. A portfolio inspired by practicality and sustainability, to improve home care.<\/p>\n\n\n\n<p><\/p>\n\n\n\n<p>This edition was very special for us, as we received the <strong>Ethical Style by Ambiente 2023<\/strong> label days before the event. It\u2019s a recognition of exhibitors who offer sustainable and socially responsible products, as a result of our commitment to sustainability. It\u2019s a commitment that led us to build our own recycling plant in 2012, where we transform more than 20,000 MT\/year of post-consumer recycled plastic.<\/p>\n\n\n\n<p>With this recycled material, and thanks to our unique &#8220;<strong>Sp-Endless Lifecycle<\/strong>&#8221; technology, we\u2019re able to produce new sustainable products in our own manufacturing plants. These go back to consumers&#8217; homes, feeding our unique 360\u00b0 recycling process.<\/p>\n<\/div>\n\n\n\n<div class=\"wp-block-column is-layout-flow wp-block-column-is-layout-flow\" style=\"flex-basis:66.66%\">\n<figure class=\"wp-block-image size-full\"><img fetchpriority=\"high\" decoding=\"async\" width=\"900\" height=\"750\" src=\"https:\/\/sp-berner.com\/wp-content\/uploads\/2023\/06\/grafico-reciclaje-we-love-recycling-map.gif\" alt=\"we love recycling\" class=\"wp-image-6397\"\/><\/figure>\n<\/div>\n<\/div>\n\n\n\n<p>It was an exciting start to an event where we were visited by more than 200 companies in search of sustainable solutions for the home, plus new tailor-made projects to meet the needs of increasingly demanding consumers.<\/p>\n\n\n\n<p>Over the five days of Ambiente, we met some of the most important agents in the sector, which allowed us to exchange opinions, discover other visions and generate synergies. This opens up many opportunities for us, and allows us to keep on top of trends in the sector by focusing on innovation and eco-design.<\/p>\n\n\n\n<p>Following these inspiring few days, we continue working to offer you the most sustainable and innovative solutions. Aimed at making life in the home easier for millions of people, combining quality, comfort and functionality.<\/p>\n\n\n\n<p class=\"has-medium-font-size\">Thank you, Ambiente!<\/p>\n\n\n\n<p><\/p>\n\n\n\n<p><\/p>\n\n\n\n<figure class=\"wp-block-image size-full\"><a href=\"https:\/\/sp-berner.com\/wp-content\/uploads\/2023\/06\/esquema-we-recycling.jpg\"><img decoding=\"async\" width=\"1500\" height=\"2000\" src=\"https:\/\/sp-berner.com\/wp-content\/uploads\/2023\/06\/esquema-we-recycling.jpg\" alt=\"we  love recycling\" class=\"wp-image-5269\" srcset=\"https:\/\/sp-berner.com\/wp-content\/uploads\/2023\/06\/esquema-we-recycling.jpg 1500w, https:\/\/sp-berner.com\/wp-content\/uploads\/2023\/06\/esquema-we-recycling-525x700.jpg 525w, https:\/\/sp-berner.com\/wp-content\/uploads\/2023\/06\/esquema-we-recycling-675x900.jpg 675w, https:\/\/sp-berner.com\/wp-content\/uploads\/2023\/06\/esquema-we-recycling-768x1024.jpg 768w, https:\/\/sp-berner.com\/wp-content\/uploads\/2023\/06\/esquema-we-recycling-1152x1536.jpg 1152w, https:\/\/sp-berner.com\/wp-content\/uploads\/2023\/06\/esquema-we-recycling-600x800.jpg 600w\" sizes=\"(max-width: 1500px) 100vw, 1500px\" \/><\/a><\/figure>\n","protected":false},"excerpt":{"rendered":"<p>From 3rd-7th February, we took part as exhibitors at the Ambiente Fair. [&#8230;]<\/p>\n<p><a class=\"btn btn-secondary understrap-read-more-link\" href=\"https:\/\/sp-berner.com\/en\/post\/sp-berner-visit-the-ambiente-fair-2023\/\">Read More&#8230;<span class=\"screen-reader-text\"> from Sp-Berner&#8217;s visit to the Ambiente Fair 2023<\/span><\/a><\/p>\n","protected":false},"author":186,"featured_media":7467,"comment_status":"closed","ping_status":"closed","sticky":false,"template":"","format":"standard","meta":{"_acf_changed":false,"footnotes":""},"categories":[268],"tags":[],"class_list":["post-20655","post","type-post","status-publish","format-standard","has-post-thumbnail","hentry","category-corporate"],"acf":[],"yoast_head":"<!-- This site is optimized with the Yoast SEO plugin v27.3 - https:\/\/yoast.com\/product\/yoast-seo-wordpress\/ -->\n<title>Sp-Berner&#039;s visit to the Ambiente Fair 2023 | Sp-Berner<\/title>\n<meta name=\"description\" content=\"Our stand this year, inspired by the slogan &quot;Life begins at home&quot;, brought together our sustainable home solutions in the same space.\" \/>\n<meta name=\"robots\" content=\"index, follow, max-snippet:-1, max-image-preview:large, max-video-preview:-1\" \/>\n<link rel=\"canonical\" href=\"https:\/\/sp-berner.com\/en\/post\/sp-berner-visit-the-ambiente-fair-2023\/\" \/>\n<meta property=\"og:locale\" content=\"en_US\" \/>\n<meta property=\"og:type\" content=\"article\" \/>\n<meta property=\"og:title\" content=\"Sp-Berner&#039;s visit to the Ambiente Fair 2023 | Sp-Berner\" \/>\n<meta property=\"og:description\" content=\"Our stand this year, inspired by the slogan &quot;Life begins at home&quot;, brought together our sustainable home solutions in the same space.\" \/>\n<meta property=\"og:url\" content=\"https:\/\/sp-berner.com\/en\/post\/sp-berner-visit-the-ambiente-fair-2023\/\" \/>\n<meta property=\"og:site_name\" content=\"Sp Berner\" \/>\n<meta property=\"article:publisher\" content=\"https:\/\/www.facebook.com\/SpBerner\/\" \/>\n<meta property=\"article:published_time\" content=\"2023-03-10T08:26:00+00:00\" \/>\n<meta property=\"article:modified_time\" content=\"2023-09-04T08:20:28+00:00\" \/>\n<meta property=\"og:image\" content=\"https:\/\/sp-berner.com\/wp-content\/uploads\/2023\/03\/esquema-we-recycling-900.jpg\" \/>\n\t<meta property=\"og:image:width\" content=\"900\" \/>\n\t<meta property=\"og:image:height\" content=\"900\" \/>\n\t<meta property=\"og:image:type\" content=\"image\/jpeg\" \/>\n<meta name=\"author\" content=\"laclave\" \/>\n<meta name=\"twitter:card\" content=\"summary_large_image\" \/>\n<meta name=\"twitter:label1\" content=\"Written by\" \/>\n\t<meta name=\"twitter:data1\" content=\"laclave\" \/>\n\t<meta name=\"twitter:label2\" content=\"Est. reading time\" \/>\n\t<meta name=\"twitter:data2\" content=\"2 minutes\" \/>\n<script type=\"application\/ld+json\" class=\"yoast-schema-graph\">{\"@context\":\"https:\\\/\\\/schema.org\",\"@graph\":[{\"@type\":\"Article\",\"@id\":\"https:\\\/\\\/sp-berner.com\\\/en\\\/post\\\/sp-berner-visit-the-ambiente-fair-2023\\\/#article\",\"isPartOf\":{\"@id\":\"https:\\\/\\\/sp-berner.com\\\/en\\\/post\\\/sp-berner-visit-the-ambiente-fair-2023\\\/\"},\"author\":{\"name\":\"laclave\",\"@id\":\"https:\\\/\\\/sp-berner.com\\\/en\\\/#\\\/schema\\\/person\\\/d82111c2a2e0d35005db18a9910409a3\"},\"headline\":\"Sp-Berner&#8217;s visit to the Ambiente Fair 2023\",\"datePublished\":\"2023-03-10T08:26:00+00:00\",\"dateModified\":\"2023-09-04T08:20:28+00:00\",\"mainEntityOfPage\":{\"@id\":\"https:\\\/\\\/sp-berner.com\\\/en\\\/post\\\/sp-berner-visit-the-ambiente-fair-2023\\\/\"},\"wordCount\":321,\"publisher\":{\"@id\":\"https:\\\/\\\/sp-berner.com\\\/en\\\/#organization\"},\"image\":{\"@id\":\"https:\\\/\\\/sp-berner.com\\\/en\\\/post\\\/sp-berner-visit-the-ambiente-fair-2023\\\/#primaryimage\"},\"thumbnailUrl\":\"https:\\\/\\\/sp-berner.com\\\/wp-content\\\/uploads\\\/2023\\\/03\\\/esquema-we-recycling-900.jpg\",\"articleSection\":[\"Corporate\"],\"inLanguage\":\"en-US\"},{\"@type\":\"WebPage\",\"@id\":\"https:\\\/\\\/sp-berner.com\\\/en\\\/post\\\/sp-berner-visit-the-ambiente-fair-2023\\\/\",\"url\":\"https:\\\/\\\/sp-berner.com\\\/en\\\/post\\\/sp-berner-visit-the-ambiente-fair-2023\\\/\",\"name\":\"Sp-Berner's visit to the Ambiente Fair 2023 | Sp-Berner\",\"isPartOf\":{\"@id\":\"https:\\\/\\\/sp-berner.com\\\/en\\\/#website\"},\"primaryImageOfPage\":{\"@id\":\"https:\\\/\\\/sp-berner.com\\\/en\\\/post\\\/sp-berner-visit-the-ambiente-fair-2023\\\/#primaryimage\"},\"image\":{\"@id\":\"https:\\\/\\\/sp-berner.com\\\/en\\\/post\\\/sp-berner-visit-the-ambiente-fair-2023\\\/#primaryimage\"},\"thumbnailUrl\":\"https:\\\/\\\/sp-berner.com\\\/wp-content\\\/uploads\\\/2023\\\/03\\\/esquema-we-recycling-900.jpg\",\"datePublished\":\"2023-03-10T08:26:00+00:00\",\"dateModified\":\"2023-09-04T08:20:28+00:00\",\"description\":\"Our stand this year, inspired by the slogan \\\"Life begins at home\\\", brought together our sustainable home solutions in the same space.\",\"breadcrumb\":{\"@id\":\"https:\\\/\\\/sp-berner.com\\\/en\\\/post\\\/sp-berner-visit-the-ambiente-fair-2023\\\/#breadcrumb\"},\"inLanguage\":\"en-US\",\"potentialAction\":[{\"@type\":\"ReadAction\",\"target\":[\"https:\\\/\\\/sp-berner.com\\\/en\\\/post\\\/sp-berner-visit-the-ambiente-fair-2023\\\/\"]}]},{\"@type\":\"ImageObject\",\"inLanguage\":\"en-US\",\"@id\":\"https:\\\/\\\/sp-berner.com\\\/en\\\/post\\\/sp-berner-visit-the-ambiente-fair-2023\\\/#primaryimage\",\"url\":\"https:\\\/\\\/sp-berner.com\\\/wp-content\\\/uploads\\\/2023\\\/03\\\/esquema-we-recycling-900.jpg\",\"contentUrl\":\"https:\\\/\\\/sp-berner.com\\\/wp-content\\\/uploads\\\/2023\\\/03\\\/esquema-we-recycling-900.jpg\",\"width\":900,\"height\":900},{\"@type\":\"BreadcrumbList\",\"@id\":\"https:\\\/\\\/sp-berner.com\\\/en\\\/post\\\/sp-berner-visit-the-ambiente-fair-2023\\\/#breadcrumb\",\"itemListElement\":[{\"@type\":\"ListItem\",\"position\":1,\"name\":\"Inicio\",\"item\":\"https:\\\/\\\/sp-berner.com\\\/en\\\/\"},{\"@type\":\"ListItem\",\"position\":2,\"name\":\"Corporate\",\"item\":\"https:\\\/\\\/sp-berner.com\\\/en\\\/post\\\/category\\\/corporate\\\/\"},{\"@type\":\"ListItem\",\"position\":3,\"name\":\"Sp-Berner&#8217;s visit to the Ambiente Fair 2023\"}]},{\"@type\":\"WebSite\",\"@id\":\"https:\\\/\\\/sp-berner.com\\\/en\\\/#website\",\"url\":\"https:\\\/\\\/sp-berner.com\\\/en\\\/\",\"name\":\"Sp-Berner\",\"description\":\"Fabricantes l\u00edderes en la inyecci\u00f3n de pl\u00e1stico sostenible\",\"publisher\":{\"@id\":\"https:\\\/\\\/sp-berner.com\\\/en\\\/#organization\"},\"alternateName\":\"Sp Berner\",\"potentialAction\":[{\"@type\":\"SearchAction\",\"target\":{\"@type\":\"EntryPoint\",\"urlTemplate\":\"https:\\\/\\\/sp-berner.com\\\/en\\\/?s={search_term_string}\"},\"query-input\":{\"@type\":\"PropertyValueSpecification\",\"valueRequired\":true,\"valueName\":\"search_term_string\"}}],\"inLanguage\":\"en-US\"},{\"@type\":\"Organization\",\"@id\":\"https:\\\/\\\/sp-berner.com\\\/en\\\/#organization\",\"name\":\"Sp-Berner\",\"url\":\"https:\\\/\\\/sp-berner.com\\\/en\\\/\",\"logo\":{\"@type\":\"ImageObject\",\"inLanguage\":\"en-US\",\"@id\":\"https:\\\/\\\/sp-berner.com\\\/en\\\/#\\\/schema\\\/logo\\\/image\\\/\",\"url\":\"https:\\\/\\\/sp-berner.com\\\/wp-content\\\/uploads\\\/2023\\\/05\\\/sp-berner-color.svg\",\"contentUrl\":\"https:\\\/\\\/sp-berner.com\\\/wp-content\\\/uploads\\\/2023\\\/05\\\/sp-berner-color.svg\",\"width\":344,\"height\":102,\"caption\":\"Sp-Berner\"},\"image\":{\"@id\":\"https:\\\/\\\/sp-berner.com\\\/en\\\/#\\\/schema\\\/logo\\\/image\\\/\"},\"sameAs\":[\"https:\\\/\\\/www.facebook.com\\\/SpBerner\\\/\"]},{\"@type\":\"Person\",\"@id\":\"https:\\\/\\\/sp-berner.com\\\/en\\\/#\\\/schema\\\/person\\\/d82111c2a2e0d35005db18a9910409a3\",\"name\":\"laclave\"}]}<\/script>\n<!-- \/ Yoast SEO plugin. -->","yoast_head_json":{"title":"Sp-Berner's visit to the Ambiente Fair 2023 | Sp-Berner","description":"Our stand this year, inspired by the slogan \"Life begins at home\", brought together our sustainable home solutions in the same space.","robots":{"index":"index","follow":"follow","max-snippet":"max-snippet:-1","max-image-preview":"max-image-preview:large","max-video-preview":"max-video-preview:-1"},"canonical":"https:\/\/sp-berner.com\/en\/post\/sp-berner-visit-the-ambiente-fair-2023\/","og_locale":"en_US","og_type":"article","og_title":"Sp-Berner's visit to the Ambiente Fair 2023 | Sp-Berner","og_description":"Our stand this year, inspired by the slogan \"Life begins at home\", brought together our sustainable home solutions in the same space.","og_url":"https:\/\/sp-berner.com\/en\/post\/sp-berner-visit-the-ambiente-fair-2023\/","og_site_name":"Sp Berner","article_publisher":"https:\/\/www.facebook.com\/SpBerner\/","article_published_time":"2023-03-10T08:26:00+00:00","article_modified_time":"2023-09-04T08:20:28+00:00","og_image":[{"width":900,"height":900,"url":"https:\/\/sp-berner.com\/wp-content\/uploads\/2023\/03\/esquema-we-recycling-900.jpg","type":"image\/jpeg"}],"author":"laclave","twitter_card":"summary_large_image","twitter_misc":{"Written by":"laclave","Est. reading time":"2 minutes"},"schema":{"@context":"https:\/\/schema.org","@graph":[{"@type":"Article","@id":"https:\/\/sp-berner.com\/en\/post\/sp-berner-visit-the-ambiente-fair-2023\/#article","isPartOf":{"@id":"https:\/\/sp-berner.com\/en\/post\/sp-berner-visit-the-ambiente-fair-2023\/"},"author":{"name":"laclave","@id":"https:\/\/sp-berner.com\/en\/#\/schema\/person\/d82111c2a2e0d35005db18a9910409a3"},"headline":"Sp-Berner&#8217;s visit to the Ambiente Fair 2023","datePublished":"2023-03-10T08:26:00+00:00","dateModified":"2023-09-04T08:20:28+00:00","mainEntityOfPage":{"@id":"https:\/\/sp-berner.com\/en\/post\/sp-berner-visit-the-ambiente-fair-2023\/"},"wordCount":321,"publisher":{"@id":"https:\/\/sp-berner.com\/en\/#organization"},"image":{"@id":"https:\/\/sp-berner.com\/en\/post\/sp-berner-visit-the-ambiente-fair-2023\/#primaryimage"},"thumbnailUrl":"https:\/\/sp-berner.com\/wp-content\/uploads\/2023\/03\/esquema-we-recycling-900.jpg","articleSection":["Corporate"],"inLanguage":"en-US"},{"@type":"WebPage","@id":"https:\/\/sp-berner.com\/en\/post\/sp-berner-visit-the-ambiente-fair-2023\/","url":"https:\/\/sp-berner.com\/en\/post\/sp-berner-visit-the-ambiente-fair-2023\/","name":"Sp-Berner's visit to the Ambiente Fair 2023 | Sp-Berner","isPartOf":{"@id":"https:\/\/sp-berner.com\/en\/#website"},"primaryImageOfPage":{"@id":"https:\/\/sp-berner.com\/en\/post\/sp-berner-visit-the-ambiente-fair-2023\/#primaryimage"},"image":{"@id":"https:\/\/sp-berner.com\/en\/post\/sp-berner-visit-the-ambiente-fair-2023\/#primaryimage"},"thumbnailUrl":"https:\/\/sp-berner.com\/wp-content\/uploads\/2023\/03\/esquema-we-recycling-900.jpg","datePublished":"2023-03-10T08:26:00+00:00","dateModified":"2023-09-04T08:20:28+00:00","description":"Our stand this year, inspired by the slogan \"Life begins at home\", brought together our sustainable home solutions in the same space.","breadcrumb":{"@id":"https:\/\/sp-berner.com\/en\/post\/sp-berner-visit-the-ambiente-fair-2023\/#breadcrumb"},"inLanguage":"en-US","potentialAction":[{"@type":"ReadAction","target":["https:\/\/sp-berner.com\/en\/post\/sp-berner-visit-the-ambiente-fair-2023\/"]}]},{"@type":"ImageObject","inLanguage":"en-US","@id":"https:\/\/sp-berner.com\/en\/post\/sp-berner-visit-the-ambiente-fair-2023\/#primaryimage","url":"https:\/\/sp-berner.com\/wp-content\/uploads\/2023\/03\/esquema-we-recycling-900.jpg","contentUrl":"https:\/\/sp-berner.com\/wp-content\/uploads\/2023\/03\/esquema-we-recycling-900.jpg","width":900,"height":900},{"@type":"BreadcrumbList","@id":"https:\/\/sp-berner.com\/en\/post\/sp-berner-visit-the-ambiente-fair-2023\/#breadcrumb","itemListElement":[{"@type":"ListItem","position":1,"name":"Inicio","item":"https:\/\/sp-berner.com\/en\/"},{"@type":"ListItem","position":2,"name":"Corporate","item":"https:\/\/sp-berner.com\/en\/post\/category\/corporate\/"},{"@type":"ListItem","position":3,"name":"Sp-Berner&#8217;s visit to the Ambiente Fair 2023"}]},{"@type":"WebSite","@id":"https:\/\/sp-berner.com\/en\/#website","url":"https:\/\/sp-berner.com\/en\/","name":"Sp-Berner","description":"Fabricantes l\u00edderes en la inyecci\u00f3n de pl\u00e1stico sostenible","publisher":{"@id":"https:\/\/sp-berner.com\/en\/#organization"},"alternateName":"Sp Berner","potentialAction":[{"@type":"SearchAction","target":{"@type":"EntryPoint","urlTemplate":"https:\/\/sp-berner.com\/en\/?s={search_term_string}"},"query-input":{"@type":"PropertyValueSpecification","valueRequired":true,"valueName":"search_term_string"}}],"inLanguage":"en-US"},{"@type":"Organization","@id":"https:\/\/sp-berner.com\/en\/#organization","name":"Sp-Berner","url":"https:\/\/sp-berner.com\/en\/","logo":{"@type":"ImageObject","inLanguage":"en-US","@id":"https:\/\/sp-berner.com\/en\/#\/schema\/logo\/image\/","url":"https:\/\/sp-berner.com\/wp-content\/uploads\/2023\/05\/sp-berner-color.svg","contentUrl":"https:\/\/sp-berner.com\/wp-content\/uploads\/2023\/05\/sp-berner-color.svg","width":344,"height":102,"caption":"Sp-Berner"},"image":{"@id":"https:\/\/sp-berner.com\/en\/#\/schema\/logo\/image\/"},"sameAs":["https:\/\/www.facebook.com\/SpBerner\/"]},{"@type":"Person","@id":"https:\/\/sp-berner.com\/en\/#\/schema\/person\/d82111c2a2e0d35005db18a9910409a3","name":"laclave"}]}},"_links":{"self":[{"href":"https:\/\/sp-berner.com\/en\/wp-json\/wp\/v2\/posts\/20655","targetHints":{"allow":["GET"]}}],"collection":[{"href":"https:\/\/sp-berner.com\/en\/wp-json\/wp\/v2\/posts"}],"about":[{"href":"https:\/\/sp-berner.com\/en\/wp-json\/wp\/v2\/types\/post"}],"author":[{"embeddable":true,"href":"https:\/\/sp-berner.com\/en\/wp-json\/wp\/v2\/users\/186"}],"replies":[{"embeddable":true,"href":"https:\/\/sp-berner.com\/en\/wp-json\/wp\/v2\/comments?post=20655"}],"version-history":[{"count":0,"href":"https:\/\/sp-berner.com\/en\/wp-json\/wp\/v2\/posts\/20655\/revisions"}],"wp:featuredmedia":[{"embeddable":true,"href":"https:\/\/sp-berner.com\/en\/wp-json\/wp\/v2\/media\/7467"}],"wp:attachment":[{"href":"https:\/\/sp-berner.com\/en\/wp-json\/wp\/v2\/media?parent=20655"}],"wp:term":[{"taxonomy":"category","embeddable":true,"href":"https:\/\/sp-berner.com\/en\/wp-json\/wp\/v2\/categories?post=20655"},{"taxonomy":"post_tag","embeddable":true,"href":"https:\/\/sp-berner.com\/en\/wp-json\/wp\/v2\/tags?post=20655"}],"curies":[{"name":"wp","href":"https:\/\/api.w.org\/{rel}","templated":true}]}}