{"id":20644,"date":"2023-03-10T08:40:00","date_gmt":"2023-03-10T08:40:00","guid":{"rendered":"https:\/\/sp-berner.com\/proxima-parada-marsella-jdc\/"},"modified":"2023-09-04T07:19:59","modified_gmt":"2023-09-04T07:19:59","slug":"next-stop-marseille-jdc","status":"publish","type":"post","link":"https:\/\/sp-berner.com\/en\/post\/next-stop-marseille-jdc\/","title":{"rendered":"Next stop Marseille!"},"content":{"rendered":"\t\t<div data-elementor-type=\"wp-post\" data-elementor-id=\"20644\" class=\"elementor elementor-20644 elementor-831\" data-elementor-post-type=\"post\">\n\t\t\t\t\t\t<section class=\"elementor-section elementor-top-section elementor-element elementor-element-133ad509 elementor-section-boxed elementor-section-height-default elementor-section-height-default\" data-id=\"133ad509\" data-element_type=\"section\" data-e-type=\"section\" data-settings=\"{&quot;ekit_has_onepagescroll_dot&quot;:&quot;yes&quot;}\">\n\t\t\t\t\t\t<div class=\"elementor-container elementor-column-gap-default\">\n\t\t\t\t\t<div class=\"elementor-column elementor-col-100 elementor-top-column elementor-element elementor-element-697965c3\" data-id=\"697965c3\" data-element_type=\"column\" data-e-type=\"column\">\n\t\t\t<div class=\"elementor-widget-wrap elementor-element-populated\">\n\t\t\t\t\t\t<div class=\"elementor-element elementor-element-2ffd5eca elementor-widget elementor-widget-text-editor\" data-id=\"2ffd5eca\" data-element_type=\"widget\" data-e-type=\"widget\" data-settings=\"{&quot;ekit_we_effect_on&quot;:&quot;none&quot;}\" data-widget_type=\"text-editor.default\">\n\t\t\t\t<div class=\"elementor-widget-container\">\n\t\t\t\t\t\t\t\t\t\n<p>See you from the 28th-30th March at JdC (Journ\u00e9es des Collections Jardin) Garden Trends 2023.\u00a0<\/p>\n<p><span id=\"more-8965\"><\/span>We\u2019re starting the garden fair season with\u00a0<a href=\"https:\/\/www.journeesdescollections.com\/\"><strong>JdC (Journ\u00e9es des Collections Jardin) Garden Trends 2023<\/strong><\/a>, the largest event for the gardening distribution market held at the\u00a0<strong>Parc Chanot de Marsella (Francia).<\/strong><\/p>\n\n<h2 class=\"wp-block-heading\">From the 28th-30th March, SHAF will be at this new edition at stand D29 &#8211; Hall1<\/h2>\n\n<p><strong>SHAF<\/strong>\u00a0is the garden furniture brand that\u2019s most committed to the environment. Our products are made from post-consumer plastic from our own recycling plant.<\/p>\n\n<p>Our unique 360\u00b0 recycling process, thanks to\u00a0<a href=\"https:\/\/sp-berner.com\/en\/commitment-sustainable-model\/\"><strong>\u00abSP-Endless Lifecycle\u00bb<\/strong><\/a>\u00a0technology, allows us to manufacture new sustainable products. Transforming them back into recycled material at the end of their useful life and, as a result, promoting the circular economy.<\/p>\n\n<p>During the show, we\u2019ll present <strong>our new 2023 catalogue<\/strong>. In it, under the slogan\u00a0<em><strong>\u201cCelebrating Life\u201d<\/strong><\/em>,\u00a0we start the trade fair season by showcasing some of our most established collections, as well as presenting the new launches for this period. Come and discover our new catalogue!<\/p>\n\n<h3 class=\"wp-block-heading\">An opportunity to learn about new trends in the sector<\/h3>\n\n<p>JdC Garden Trends has become the <strong>annual meeting point for distribution and suppliers in the garden industry<\/strong>. It\u2019s become a highly relevant event for garden furniture professionals and companies from all over Europe.<\/p>\n\n<p><strong>More than 380 exhibitors from France and the rest of Europe<\/strong> will be present at this year&#8217;s event, and <strong>more than 1,300 professionals<\/strong> from all over France and neighbouring countries, such as Germany, Italy, Belgium, Spain, Morocco, Poland, Romania and Switzerland, are expected to attend.<\/p>\n\n<p>The main attendees at the fair include purchasing managers and specifiers from all distribution channels: large specialised stores, DIY, food and e-commerce, but also landscapers and other retailers.<\/p>\n\n<h3 class=\"wp-block-heading\">We look forward to seeing you at stand D29 in Hall 1!<\/h3>\n\t\t\t\t\t\t\t\t<\/div>\n\t\t\t\t<\/div>\n\t\t\t\t\t<\/div>\n\t\t<\/div>\n\t\t\t\t\t<\/div>\n\t\t<\/section>\n\t\t\t\t<\/div>\n\t\t","protected":false},"excerpt":{"rendered":"<p>At SHAF, we\u2019re kicking off the garden fair season in France.  [&#8230;]<\/p>\n<p><a class=\"btn btn-secondary understrap-read-more-link\" href=\"https:\/\/sp-berner.com\/en\/post\/next-stop-marseille-jdc\/\">Read More&#8230;<span class=\"screen-reader-text\"> from Next stop Marseille!<\/span><\/a><\/p>\n","protected":false},"author":186,"featured_media":26581,"comment_status":"closed","ping_status":"closed","sticky":false,"template":"","format":"standard","meta":{"_acf_changed":false,"footnotes":""},"categories":[64,268],"tags":[345],"class_list":["post-20644","post","type-post","status-publish","format-standard","has-post-thumbnail","hentry","category-corporativo","category-corporate","tag-destacados-en"],"acf":[],"yoast_head":"<!-- This site is optimized with the Yoast SEO plugin v27.3 - https:\/\/yoast.com\/product\/yoast-seo-wordpress\/ -->\n<title>Next stop Marseille! | Sp-Berner<\/title>\n<meta name=\"description\" content=\"From the 28th-30th March, SHAF will be at this new edition at stand D29 - Hall1.\" \/>\n<meta name=\"robots\" content=\"index, follow, max-snippet:-1, max-image-preview:large, max-video-preview:-1\" \/>\n<link rel=\"canonical\" href=\"https:\/\/sp-berner.com\/en\/post\/next-stop-marseille-jdc\/\" \/>\n<meta property=\"og:locale\" content=\"en_US\" \/>\n<meta property=\"og:type\" content=\"article\" \/>\n<meta property=\"og:title\" content=\"Next stop Marseille! | Sp-Berner\" \/>\n<meta property=\"og:description\" content=\"From the 28th-30th March, SHAF will be at this new edition at stand D29 - Hall1.\" \/>\n<meta property=\"og:url\" content=\"https:\/\/sp-berner.com\/en\/post\/next-stop-marseille-jdc\/\" \/>\n<meta property=\"og:site_name\" content=\"Sp Berner\" \/>\n<meta property=\"article:publisher\" content=\"https:\/\/www.facebook.com\/SpBerner\/\" \/>\n<meta property=\"article:published_time\" content=\"2023-03-10T08:40:00+00:00\" \/>\n<meta property=\"article:modified_time\" content=\"2023-09-04T07:19:59+00:00\" \/>\n<meta property=\"og:image\" content=\"https:\/\/sp-berner.com\/wp-content\/uploads\/2023\/03\/entrada-post-miami-1.jpg\" \/>\n\t<meta property=\"og:image:width\" content=\"2560\" \/>\n\t<meta property=\"og:image:height\" content=\"706\" \/>\n\t<meta property=\"og:image:type\" content=\"image\/jpeg\" \/>\n<meta name=\"author\" content=\"laclave\" \/>\n<meta name=\"twitter:card\" content=\"summary_large_image\" \/>\n<meta name=\"twitter:label1\" content=\"Written by\" \/>\n\t<meta name=\"twitter:data1\" content=\"laclave\" \/>\n\t<meta name=\"twitter:label2\" content=\"Est. reading time\" \/>\n\t<meta name=\"twitter:data2\" content=\"2 minutes\" \/>\n<script type=\"application\/ld+json\" class=\"yoast-schema-graph\">{\"@context\":\"https:\\\/\\\/schema.org\",\"@graph\":[{\"@type\":\"Article\",\"@id\":\"https:\\\/\\\/sp-berner.com\\\/en\\\/post\\\/next-stop-marseille-jdc\\\/#article\",\"isPartOf\":{\"@id\":\"https:\\\/\\\/sp-berner.com\\\/en\\\/post\\\/next-stop-marseille-jdc\\\/\"},\"author\":{\"name\":\"laclave\",\"@id\":\"https:\\\/\\\/sp-berner.com\\\/en\\\/#\\\/schema\\\/person\\\/d82111c2a2e0d35005db18a9910409a3\"},\"headline\":\"Next stop Marseille!\",\"datePublished\":\"2023-03-10T08:40:00+00:00\",\"dateModified\":\"2023-09-04T07:19:59+00:00\",\"mainEntityOfPage\":{\"@id\":\"https:\\\/\\\/sp-berner.com\\\/en\\\/post\\\/next-stop-marseille-jdc\\\/\"},\"wordCount\":310,\"publisher\":{\"@id\":\"https:\\\/\\\/sp-berner.com\\\/en\\\/#organization\"},\"image\":{\"@id\":\"https:\\\/\\\/sp-berner.com\\\/en\\\/post\\\/next-stop-marseille-jdc\\\/#primaryimage\"},\"thumbnailUrl\":\"https:\\\/\\\/sp-berner.com\\\/wp-content\\\/uploads\\\/2023\\\/03\\\/entrada-post-miami-1.jpg\",\"keywords\":[\"destacados\"],\"articleSection\":[\"Corporativo\",\"Corporate\"],\"inLanguage\":\"en-US\"},{\"@type\":\"WebPage\",\"@id\":\"https:\\\/\\\/sp-berner.com\\\/en\\\/post\\\/next-stop-marseille-jdc\\\/\",\"url\":\"https:\\\/\\\/sp-berner.com\\\/en\\\/post\\\/next-stop-marseille-jdc\\\/\",\"name\":\"Next stop Marseille! | Sp-Berner\",\"isPartOf\":{\"@id\":\"https:\\\/\\\/sp-berner.com\\\/en\\\/#website\"},\"primaryImageOfPage\":{\"@id\":\"https:\\\/\\\/sp-berner.com\\\/en\\\/post\\\/next-stop-marseille-jdc\\\/#primaryimage\"},\"image\":{\"@id\":\"https:\\\/\\\/sp-berner.com\\\/en\\\/post\\\/next-stop-marseille-jdc\\\/#primaryimage\"},\"thumbnailUrl\":\"https:\\\/\\\/sp-berner.com\\\/wp-content\\\/uploads\\\/2023\\\/03\\\/entrada-post-miami-1.jpg\",\"datePublished\":\"2023-03-10T08:40:00+00:00\",\"dateModified\":\"2023-09-04T07:19:59+00:00\",\"description\":\"From the 28th-30th March, SHAF will be at this new edition at stand D29 - Hall1.\",\"breadcrumb\":{\"@id\":\"https:\\\/\\\/sp-berner.com\\\/en\\\/post\\\/next-stop-marseille-jdc\\\/#breadcrumb\"},\"inLanguage\":\"en-US\",\"potentialAction\":[{\"@type\":\"ReadAction\",\"target\":[\"https:\\\/\\\/sp-berner.com\\\/en\\\/post\\\/next-stop-marseille-jdc\\\/\"]}]},{\"@type\":\"ImageObject\",\"inLanguage\":\"en-US\",\"@id\":\"https:\\\/\\\/sp-berner.com\\\/en\\\/post\\\/next-stop-marseille-jdc\\\/#primaryimage\",\"url\":\"https:\\\/\\\/sp-berner.com\\\/wp-content\\\/uploads\\\/2023\\\/03\\\/entrada-post-miami-1.jpg\",\"contentUrl\":\"https:\\\/\\\/sp-berner.com\\\/wp-content\\\/uploads\\\/2023\\\/03\\\/entrada-post-miami-1.jpg\",\"width\":2560,\"height\":706,\"caption\":\"See you from the 28th-30th March at JdC (Journ\u00e9es des Collections Jardin) Garden Trends 2023.\u00a0\"},{\"@type\":\"BreadcrumbList\",\"@id\":\"https:\\\/\\\/sp-berner.com\\\/en\\\/post\\\/next-stop-marseille-jdc\\\/#breadcrumb\",\"itemListElement\":[{\"@type\":\"ListItem\",\"position\":1,\"name\":\"Inicio\",\"item\":\"https:\\\/\\\/sp-berner.com\\\/en\\\/\"},{\"@type\":\"ListItem\",\"position\":2,\"name\":\"Corporate\",\"item\":\"https:\\\/\\\/sp-berner.com\\\/en\\\/post\\\/category\\\/corporate\\\/\"},{\"@type\":\"ListItem\",\"position\":3,\"name\":\"Next stop Marseille!\"}]},{\"@type\":\"WebSite\",\"@id\":\"https:\\\/\\\/sp-berner.com\\\/en\\\/#website\",\"url\":\"https:\\\/\\\/sp-berner.com\\\/en\\\/\",\"name\":\"Sp-Berner\",\"description\":\"Fabricantes l\u00edderes en la inyecci\u00f3n de pl\u00e1stico sostenible\",\"publisher\":{\"@id\":\"https:\\\/\\\/sp-berner.com\\\/en\\\/#organization\"},\"alternateName\":\"Sp Berner\",\"potentialAction\":[{\"@type\":\"SearchAction\",\"target\":{\"@type\":\"EntryPoint\",\"urlTemplate\":\"https:\\\/\\\/sp-berner.com\\\/en\\\/?s={search_term_string}\"},\"query-input\":{\"@type\":\"PropertyValueSpecification\",\"valueRequired\":true,\"valueName\":\"search_term_string\"}}],\"inLanguage\":\"en-US\"},{\"@type\":\"Organization\",\"@id\":\"https:\\\/\\\/sp-berner.com\\\/en\\\/#organization\",\"name\":\"Sp-Berner\",\"url\":\"https:\\\/\\\/sp-berner.com\\\/en\\\/\",\"logo\":{\"@type\":\"ImageObject\",\"inLanguage\":\"en-US\",\"@id\":\"https:\\\/\\\/sp-berner.com\\\/en\\\/#\\\/schema\\\/logo\\\/image\\\/\",\"url\":\"https:\\\/\\\/sp-berner.com\\\/wp-content\\\/uploads\\\/2023\\\/05\\\/sp-berner-color.svg\",\"contentUrl\":\"https:\\\/\\\/sp-berner.com\\\/wp-content\\\/uploads\\\/2023\\\/05\\\/sp-berner-color.svg\",\"width\":344,\"height\":102,\"caption\":\"Sp-Berner\"},\"image\":{\"@id\":\"https:\\\/\\\/sp-berner.com\\\/en\\\/#\\\/schema\\\/logo\\\/image\\\/\"},\"sameAs\":[\"https:\\\/\\\/www.facebook.com\\\/SpBerner\\\/\"]},{\"@type\":\"Person\",\"@id\":\"https:\\\/\\\/sp-berner.com\\\/en\\\/#\\\/schema\\\/person\\\/d82111c2a2e0d35005db18a9910409a3\",\"name\":\"laclave\"}]}<\/script>\n<!-- \/ Yoast SEO plugin. -->","yoast_head_json":{"title":"Next stop Marseille! | Sp-Berner","description":"From the 28th-30th March, SHAF will be at this new edition at stand D29 - Hall1.","robots":{"index":"index","follow":"follow","max-snippet":"max-snippet:-1","max-image-preview":"max-image-preview:large","max-video-preview":"max-video-preview:-1"},"canonical":"https:\/\/sp-berner.com\/en\/post\/next-stop-marseille-jdc\/","og_locale":"en_US","og_type":"article","og_title":"Next stop Marseille! | Sp-Berner","og_description":"From the 28th-30th March, SHAF will be at this new edition at stand D29 - Hall1.","og_url":"https:\/\/sp-berner.com\/en\/post\/next-stop-marseille-jdc\/","og_site_name":"Sp Berner","article_publisher":"https:\/\/www.facebook.com\/SpBerner\/","article_published_time":"2023-03-10T08:40:00+00:00","article_modified_time":"2023-09-04T07:19:59+00:00","og_image":[{"width":2560,"height":706,"url":"https:\/\/sp-berner.com\/wp-content\/uploads\/2023\/03\/entrada-post-miami-1.jpg","type":"image\/jpeg"}],"author":"laclave","twitter_card":"summary_large_image","twitter_misc":{"Written by":"laclave","Est. reading time":"2 minutes"},"schema":{"@context":"https:\/\/schema.org","@graph":[{"@type":"Article","@id":"https:\/\/sp-berner.com\/en\/post\/next-stop-marseille-jdc\/#article","isPartOf":{"@id":"https:\/\/sp-berner.com\/en\/post\/next-stop-marseille-jdc\/"},"author":{"name":"laclave","@id":"https:\/\/sp-berner.com\/en\/#\/schema\/person\/d82111c2a2e0d35005db18a9910409a3"},"headline":"Next stop Marseille!","datePublished":"2023-03-10T08:40:00+00:00","dateModified":"2023-09-04T07:19:59+00:00","mainEntityOfPage":{"@id":"https:\/\/sp-berner.com\/en\/post\/next-stop-marseille-jdc\/"},"wordCount":310,"publisher":{"@id":"https:\/\/sp-berner.com\/en\/#organization"},"image":{"@id":"https:\/\/sp-berner.com\/en\/post\/next-stop-marseille-jdc\/#primaryimage"},"thumbnailUrl":"https:\/\/sp-berner.com\/wp-content\/uploads\/2023\/03\/entrada-post-miami-1.jpg","keywords":["destacados"],"articleSection":["Corporativo","Corporate"],"inLanguage":"en-US"},{"@type":"WebPage","@id":"https:\/\/sp-berner.com\/en\/post\/next-stop-marseille-jdc\/","url":"https:\/\/sp-berner.com\/en\/post\/next-stop-marseille-jdc\/","name":"Next stop Marseille! | Sp-Berner","isPartOf":{"@id":"https:\/\/sp-berner.com\/en\/#website"},"primaryImageOfPage":{"@id":"https:\/\/sp-berner.com\/en\/post\/next-stop-marseille-jdc\/#primaryimage"},"image":{"@id":"https:\/\/sp-berner.com\/en\/post\/next-stop-marseille-jdc\/#primaryimage"},"thumbnailUrl":"https:\/\/sp-berner.com\/wp-content\/uploads\/2023\/03\/entrada-post-miami-1.jpg","datePublished":"2023-03-10T08:40:00+00:00","dateModified":"2023-09-04T07:19:59+00:00","description":"From the 28th-30th March, SHAF will be at this new edition at stand D29 - Hall1.","breadcrumb":{"@id":"https:\/\/sp-berner.com\/en\/post\/next-stop-marseille-jdc\/#breadcrumb"},"inLanguage":"en-US","potentialAction":[{"@type":"ReadAction","target":["https:\/\/sp-berner.com\/en\/post\/next-stop-marseille-jdc\/"]}]},{"@type":"ImageObject","inLanguage":"en-US","@id":"https:\/\/sp-berner.com\/en\/post\/next-stop-marseille-jdc\/#primaryimage","url":"https:\/\/sp-berner.com\/wp-content\/uploads\/2023\/03\/entrada-post-miami-1.jpg","contentUrl":"https:\/\/sp-berner.com\/wp-content\/uploads\/2023\/03\/entrada-post-miami-1.jpg","width":2560,"height":706,"caption":"See you from the 28th-30th March at JdC (Journ\u00e9es des Collections Jardin) Garden Trends 2023.\u00a0"},{"@type":"BreadcrumbList","@id":"https:\/\/sp-berner.com\/en\/post\/next-stop-marseille-jdc\/#breadcrumb","itemListElement":[{"@type":"ListItem","position":1,"name":"Inicio","item":"https:\/\/sp-berner.com\/en\/"},{"@type":"ListItem","position":2,"name":"Corporate","item":"https:\/\/sp-berner.com\/en\/post\/category\/corporate\/"},{"@type":"ListItem","position":3,"name":"Next stop Marseille!"}]},{"@type":"WebSite","@id":"https:\/\/sp-berner.com\/en\/#website","url":"https:\/\/sp-berner.com\/en\/","name":"Sp-Berner","description":"Fabricantes l\u00edderes en la inyecci\u00f3n de pl\u00e1stico sostenible","publisher":{"@id":"https:\/\/sp-berner.com\/en\/#organization"},"alternateName":"Sp Berner","potentialAction":[{"@type":"SearchAction","target":{"@type":"EntryPoint","urlTemplate":"https:\/\/sp-berner.com\/en\/?s={search_term_string}"},"query-input":{"@type":"PropertyValueSpecification","valueRequired":true,"valueName":"search_term_string"}}],"inLanguage":"en-US"},{"@type":"Organization","@id":"https:\/\/sp-berner.com\/en\/#organization","name":"Sp-Berner","url":"https:\/\/sp-berner.com\/en\/","logo":{"@type":"ImageObject","inLanguage":"en-US","@id":"https:\/\/sp-berner.com\/en\/#\/schema\/logo\/image\/","url":"https:\/\/sp-berner.com\/wp-content\/uploads\/2023\/05\/sp-berner-color.svg","contentUrl":"https:\/\/sp-berner.com\/wp-content\/uploads\/2023\/05\/sp-berner-color.svg","width":344,"height":102,"caption":"Sp-Berner"},"image":{"@id":"https:\/\/sp-berner.com\/en\/#\/schema\/logo\/image\/"},"sameAs":["https:\/\/www.facebook.com\/SpBerner\/"]},{"@type":"Person","@id":"https:\/\/sp-berner.com\/en\/#\/schema\/person\/d82111c2a2e0d35005db18a9910409a3","name":"laclave"}]}},"_links":{"self":[{"href":"https:\/\/sp-berner.com\/en\/wp-json\/wp\/v2\/posts\/20644","targetHints":{"allow":["GET"]}}],"collection":[{"href":"https:\/\/sp-berner.com\/en\/wp-json\/wp\/v2\/posts"}],"about":[{"href":"https:\/\/sp-berner.com\/en\/wp-json\/wp\/v2\/types\/post"}],"author":[{"embeddable":true,"href":"https:\/\/sp-berner.com\/en\/wp-json\/wp\/v2\/users\/186"}],"replies":[{"embeddable":true,"href":"https:\/\/sp-berner.com\/en\/wp-json\/wp\/v2\/comments?post=20644"}],"version-history":[{"count":0,"href":"https:\/\/sp-berner.com\/en\/wp-json\/wp\/v2\/posts\/20644\/revisions"}],"wp:featuredmedia":[{"embeddable":true,"href":"https:\/\/sp-berner.com\/en\/wp-json\/wp\/v2\/media\/26581"}],"wp:attachment":[{"href":"https:\/\/sp-berner.com\/en\/wp-json\/wp\/v2\/media?parent=20644"}],"wp:term":[{"taxonomy":"category","embeddable":true,"href":"https:\/\/sp-berner.com\/en\/wp-json\/wp\/v2\/categories?post=20644"},{"taxonomy":"post_tag","embeddable":true,"href":"https:\/\/sp-berner.com\/en\/wp-json\/wp\/v2\/tags?post=20644"}],"curies":[{"name":"wp","href":"https:\/\/api.w.org\/{rel}","templated":true}]}}