{"id":20615,"date":"2023-05-02T08:44:00","date_gmt":"2023-05-02T08:44:00","guid":{"rendered":"https:\/\/sp-berner.com\/programa-tcuidamos-compromiso-con-las-personas-que-formamos-sp-berner\/"},"modified":"2023-09-04T07:43:11","modified_gmt":"2023-09-04T07:43:11","slug":"commitment-to-the-people-who-make-up-sp-berner","status":"publish","type":"post","link":"https:\/\/sp-berner.com\/en\/post\/commitment-to-the-people-who-make-up-sp-berner\/","title":{"rendered":"T&#8217;Cuidamos Programme: Commitment to the people who make up Sp-Berner"},"content":{"rendered":"\t\t<div data-elementor-type=\"wp-post\" data-elementor-id=\"20615\" class=\"elementor elementor-20615 elementor-844\" data-elementor-post-type=\"post\">\n\t\t\t\t\t\t<section class=\"elementor-section elementor-top-section elementor-element elementor-element-318b7ae3 elementor-section-boxed elementor-section-height-default elementor-section-height-default\" data-id=\"318b7ae3\" data-element_type=\"section\" data-e-type=\"section\" data-settings=\"{&quot;ekit_has_onepagescroll_dot&quot;:&quot;yes&quot;}\">\n\t\t\t\t\t\t<div class=\"elementor-container elementor-column-gap-default\">\n\t\t\t\t\t<div class=\"elementor-column elementor-col-100 elementor-top-column elementor-element elementor-element-48e25688\" data-id=\"48e25688\" data-element_type=\"column\" data-e-type=\"column\">\n\t\t\t<div class=\"elementor-widget-wrap elementor-element-populated\">\n\t\t\t\t\t\t<div class=\"elementor-element elementor-element-35326221 elementor-widget elementor-widget-text-editor\" data-id=\"35326221\" data-element_type=\"widget\" data-e-type=\"widget\" data-settings=\"{&quot;ekit_we_effect_on&quot;:&quot;none&quot;}\" data-widget_type=\"text-editor.default\">\n\t\t\t\t<div class=\"elementor-widget-container\">\n\t\t\t\t\t\t\t\t\t\n<h5>En Sp-Berner nos empleamos a fondo en fabricar los mejores productos sostenibles para facilitar la vida m\u00e1s f\u00e1cil en el hogar de millones de personas en todo el mundo, pero tambi\u00e9n dedicamos especial atenci\u00f3n a las personas que d\u00eda a d\u00eda hacen que esto sea posible \u00a1nuestra gente! Por ello hemos dise\u00f1ado especialmente para ellos el Programa T\u2019Cuidamos.<\/h5>\n<p>\u00a0<\/p>\n<h2 class=\"wp-block-heading\">\u00bfQuieres saber m\u00e1s?<\/h2>\n\n<p>\u00a0<\/p>\n\n<h2 class=\"wp-block-heading\">\u00bfQu\u00e9 es nuestro Programa T\u2019Cuidamos?<\/h2>\n\n<p>Se trata de un conjunto de actividades que desarrollaremos a lo largo de este 2023 y que busca mejorar el <strong>bienestar f\u00edsico y emocional<\/strong> de todos los que formamos Sp-Berner.<\/p>\n\n<p>Estas actividades est\u00e1n relacionadas con la alimentaci\u00f3n, vida saludable pero tambi\u00e9n con aquellos momentos m\u00e1s festivos en los que queremos y creemos que es necesario pasarlo bien en el lugar donde pasamos la mayor\u00eda del d\u00eda.<\/p>\n\n<h2 class=\"wp-block-heading\">DisFRUTA<\/h2>\n\n<p>Es importante tener una alimentaci\u00f3n equilibrada y consumir frutas y verduras es clave para conseguirlo. Por ello, una vez al mes\u00a0contamos con <strong>fruta de temporada<\/strong> en todos nuestros centros de trabajo, adem\u00e1s de compartir informaci\u00f3n de inter\u00e9s para poder mantener unos h\u00e1bitos de alimentaci\u00f3n saludables.<\/p>\n\n<h2 class=\"wp-block-heading\">Talleres y prevenci\u00f3n continua<\/h2>\n\n<p>A lo largo del a\u00f1o estamos realizando sesiones y talleres relacionadas con el Bienestar Emocional, Salud Mental, h\u00e1bitos saludables de alimentaci\u00f3n y de prevenci\u00f3n de enfermedades, etc.<\/p>\n\n<h2 class=\"wp-block-heading\">Participar todos juntos: Celebramos<\/h2>\n\n<p>Durante el a\u00f1o nos gusta celebrar las fechas m\u00e1s destacadas y aprovechar cualquier evento para\u00a0participar\u00a0con todas nuestras familias.\u00a0Desde hace m\u00e1s de diez a\u00f1os celebramos una Jornada de puertas abiertas, donde de manera l\u00fadica \u00a0hacemos part\u00edcipes a nuestras familias y amigos cercanos de nuestro d\u00eda a d\u00eda. Adem\u00e1s, en Sp-Berner vivimos las Navidades de manera muy intensa, realizando muchas actividades donde nuestros peque\u00f1os son los grandes protagonistas.<\/p>\n\n<p>Tambi\u00e9n participamos y apoyamos causas\u00a0solidarias a lo largo del a\u00f1o,\u00a0como\u00a0nuestra participaci\u00f3n en\u00a0Runcancer Valencia,\u00a0nuestras celebraciones de la Semana de la Mujer, as\u00ed como otras campa\u00f1as a lo largo del a\u00f1o (d\u00eda del C\u00e1ncer, d\u00eda del Autismo, Reciclaje, etc.)<\/p>\n\n<h2 class=\"wp-block-heading\">Bienestar f\u00edsico<\/h2>\n\n<p>El deporte es un complemento fundamental para gozar de una buena salud. Por ello, realizamos sesiones semanales de entrenamiento funcional y pilates\u00a0en nuestras instalaciones.<\/p>\n\n<p>Como novedad desde este a\u00f1o disponemos de un servicio de fisioterapia donde todos\/as podemos disfrutar de tres sesiones gratuitas en nuestros centros de trabajo, as\u00ed como mayores beneficios en este servicio.<\/p>\n\n<p>Con nuestro <strong>programa T\u00b4Cuidamos<\/strong>, seguimos trabajando para mejorar cada d\u00eda y hacer la vida de los que formamos Sp-Berner, m\u00e1s f\u00e1cil.<\/p>\n\t\t\t\t\t\t\t\t<\/div>\n\t\t\t\t<\/div>\n\t\t\t\t\t<\/div>\n\t\t<\/div>\n\t\t\t\t\t<\/div>\n\t\t<\/section>\n\t\t\t\t<\/div>\n\t\t","protected":false},"excerpt":{"rendered":"<p>At Sp-Berner, we work hard to make the best sustainable products to make life. [&#8230;]<\/p>\n<p><a class=\"btn btn-secondary understrap-read-more-link\" href=\"https:\/\/sp-berner.com\/en\/post\/commitment-to-the-people-who-make-up-sp-berner\/\">Read More&#8230;<span class=\"screen-reader-text\"> from T&#8217;Cuidamos Programme: Commitment to the people who make up Sp-Berner<\/span><\/a><\/p>\n","protected":false},"author":186,"featured_media":9965,"comment_status":"closed","ping_status":"closed","sticky":false,"template":"","format":"standard","meta":{"_acf_changed":false,"footnotes":""},"categories":[268],"tags":[345],"class_list":["post-20615","post","type-post","status-publish","format-standard","has-post-thumbnail","hentry","category-corporate","tag-destacados-en"],"acf":[],"yoast_head":"<!-- This site is optimized with the Yoast SEO plugin v27.3 - https:\/\/yoast.com\/product\/yoast-seo-wordpress\/ -->\n<title>Commitment to the people who make up Sp-Berner<\/title>\n<meta name=\"description\" content=\"With our T&#039;Cuidamos program, we continue working to improve every day and make the lives of those who make up Sp-Berner easier.\" \/>\n<meta name=\"robots\" content=\"index, follow, max-snippet:-1, max-image-preview:large, max-video-preview:-1\" \/>\n<link rel=\"canonical\" href=\"https:\/\/sp-berner.com\/en\/post\/commitment-to-the-people-who-make-up-sp-berner\/\" \/>\n<meta property=\"og:locale\" content=\"en_US\" \/>\n<meta property=\"og:type\" content=\"article\" \/>\n<meta property=\"og:title\" content=\"Commitment to the people who make up Sp-Berner\" \/>\n<meta property=\"og:description\" content=\"With our T&#039;Cuidamos program, we continue working to improve every day and make the lives of those who make up Sp-Berner easier.\" \/>\n<meta property=\"og:url\" content=\"https:\/\/sp-berner.com\/en\/post\/commitment-to-the-people-who-make-up-sp-berner\/\" \/>\n<meta property=\"og:site_name\" content=\"Sp Berner\" \/>\n<meta property=\"article:publisher\" content=\"https:\/\/www.facebook.com\/SpBerner\/\" \/>\n<meta property=\"article:published_time\" content=\"2023-05-02T08:44:00+00:00\" \/>\n<meta property=\"article:modified_time\" content=\"2023-09-04T07:43:11+00:00\" \/>\n<meta property=\"og:image\" content=\"https:\/\/sp-berner.com\/wp-content\/uploads\/2023\/05\/programa-te-cuidamos.jpg\" \/>\n\t<meta property=\"og:image:width\" content=\"1920\" \/>\n\t<meta property=\"og:image:height\" content=\"1344\" \/>\n\t<meta property=\"og:image:type\" content=\"image\/jpeg\" \/>\n<meta name=\"author\" content=\"laclave\" \/>\n<meta name=\"twitter:card\" content=\"summary_large_image\" \/>\n<meta name=\"twitter:label1\" content=\"Written by\" \/>\n\t<meta name=\"twitter:data1\" content=\"laclave\" \/>\n\t<meta name=\"twitter:label2\" content=\"Est. reading time\" \/>\n\t<meta name=\"twitter:data2\" content=\"2 minutes\" \/>\n<script type=\"application\/ld+json\" class=\"yoast-schema-graph\">{\"@context\":\"https:\\\/\\\/schema.org\",\"@graph\":[{\"@type\":\"Article\",\"@id\":\"https:\\\/\\\/sp-berner.com\\\/en\\\/post\\\/commitment-to-the-people-who-make-up-sp-berner\\\/#article\",\"isPartOf\":{\"@id\":\"https:\\\/\\\/sp-berner.com\\\/en\\\/post\\\/commitment-to-the-people-who-make-up-sp-berner\\\/\"},\"author\":{\"name\":\"laclave\",\"@id\":\"https:\\\/\\\/sp-berner.com\\\/en\\\/#\\\/schema\\\/person\\\/d82111c2a2e0d35005db18a9910409a3\"},\"headline\":\"T&#8217;Cuidamos Programme: Commitment to the people who make up Sp-Berner\",\"datePublished\":\"2023-05-02T08:44:00+00:00\",\"dateModified\":\"2023-09-04T07:43:11+00:00\",\"mainEntityOfPage\":{\"@id\":\"https:\\\/\\\/sp-berner.com\\\/en\\\/post\\\/commitment-to-the-people-who-make-up-sp-berner\\\/\"},\"wordCount\":347,\"publisher\":{\"@id\":\"https:\\\/\\\/sp-berner.com\\\/en\\\/#organization\"},\"image\":{\"@id\":\"https:\\\/\\\/sp-berner.com\\\/en\\\/post\\\/commitment-to-the-people-who-make-up-sp-berner\\\/#primaryimage\"},\"thumbnailUrl\":\"https:\\\/\\\/sp-berner.com\\\/wp-content\\\/uploads\\\/2023\\\/05\\\/programa-te-cuidamos.jpg\",\"keywords\":[\"destacados\"],\"articleSection\":[\"Corporate\"],\"inLanguage\":\"en-US\"},{\"@type\":\"WebPage\",\"@id\":\"https:\\\/\\\/sp-berner.com\\\/en\\\/post\\\/commitment-to-the-people-who-make-up-sp-berner\\\/\",\"url\":\"https:\\\/\\\/sp-berner.com\\\/en\\\/post\\\/commitment-to-the-people-who-make-up-sp-berner\\\/\",\"name\":\"Commitment to the people who make up Sp-Berner\",\"isPartOf\":{\"@id\":\"https:\\\/\\\/sp-berner.com\\\/en\\\/#website\"},\"primaryImageOfPage\":{\"@id\":\"https:\\\/\\\/sp-berner.com\\\/en\\\/post\\\/commitment-to-the-people-who-make-up-sp-berner\\\/#primaryimage\"},\"image\":{\"@id\":\"https:\\\/\\\/sp-berner.com\\\/en\\\/post\\\/commitment-to-the-people-who-make-up-sp-berner\\\/#primaryimage\"},\"thumbnailUrl\":\"https:\\\/\\\/sp-berner.com\\\/wp-content\\\/uploads\\\/2023\\\/05\\\/programa-te-cuidamos.jpg\",\"datePublished\":\"2023-05-02T08:44:00+00:00\",\"dateModified\":\"2023-09-04T07:43:11+00:00\",\"description\":\"With our T'Cuidamos program, we continue working to improve every day and make the lives of those who make up Sp-Berner easier.\",\"breadcrumb\":{\"@id\":\"https:\\\/\\\/sp-berner.com\\\/en\\\/post\\\/commitment-to-the-people-who-make-up-sp-berner\\\/#breadcrumb\"},\"inLanguage\":\"en-US\",\"potentialAction\":[{\"@type\":\"ReadAction\",\"target\":[\"https:\\\/\\\/sp-berner.com\\\/en\\\/post\\\/commitment-to-the-people-who-make-up-sp-berner\\\/\"]}]},{\"@type\":\"ImageObject\",\"inLanguage\":\"en-US\",\"@id\":\"https:\\\/\\\/sp-berner.com\\\/en\\\/post\\\/commitment-to-the-people-who-make-up-sp-berner\\\/#primaryimage\",\"url\":\"https:\\\/\\\/sp-berner.com\\\/wp-content\\\/uploads\\\/2023\\\/05\\\/programa-te-cuidamos.jpg\",\"contentUrl\":\"https:\\\/\\\/sp-berner.com\\\/wp-content\\\/uploads\\\/2023\\\/05\\\/programa-te-cuidamos.jpg\",\"width\":1920,\"height\":1344},{\"@type\":\"BreadcrumbList\",\"@id\":\"https:\\\/\\\/sp-berner.com\\\/en\\\/post\\\/commitment-to-the-people-who-make-up-sp-berner\\\/#breadcrumb\",\"itemListElement\":[{\"@type\":\"ListItem\",\"position\":1,\"name\":\"Inicio\",\"item\":\"https:\\\/\\\/sp-berner.com\\\/en\\\/\"},{\"@type\":\"ListItem\",\"position\":2,\"name\":\"Corporate\",\"item\":\"https:\\\/\\\/sp-berner.com\\\/en\\\/post\\\/category\\\/corporate\\\/\"},{\"@type\":\"ListItem\",\"position\":3,\"name\":\"T&#8217;Cuidamos Programme: Commitment to the people who make up Sp-Berner\"}]},{\"@type\":\"WebSite\",\"@id\":\"https:\\\/\\\/sp-berner.com\\\/en\\\/#website\",\"url\":\"https:\\\/\\\/sp-berner.com\\\/en\\\/\",\"name\":\"Sp-Berner\",\"description\":\"Fabricantes l\u00edderes en la inyecci\u00f3n de pl\u00e1stico sostenible\",\"publisher\":{\"@id\":\"https:\\\/\\\/sp-berner.com\\\/en\\\/#organization\"},\"alternateName\":\"Sp Berner\",\"potentialAction\":[{\"@type\":\"SearchAction\",\"target\":{\"@type\":\"EntryPoint\",\"urlTemplate\":\"https:\\\/\\\/sp-berner.com\\\/en\\\/?s={search_term_string}\"},\"query-input\":{\"@type\":\"PropertyValueSpecification\",\"valueRequired\":true,\"valueName\":\"search_term_string\"}}],\"inLanguage\":\"en-US\"},{\"@type\":\"Organization\",\"@id\":\"https:\\\/\\\/sp-berner.com\\\/en\\\/#organization\",\"name\":\"Sp-Berner\",\"url\":\"https:\\\/\\\/sp-berner.com\\\/en\\\/\",\"logo\":{\"@type\":\"ImageObject\",\"inLanguage\":\"en-US\",\"@id\":\"https:\\\/\\\/sp-berner.com\\\/en\\\/#\\\/schema\\\/logo\\\/image\\\/\",\"url\":\"https:\\\/\\\/sp-berner.com\\\/wp-content\\\/uploads\\\/2023\\\/05\\\/sp-berner-color.svg\",\"contentUrl\":\"https:\\\/\\\/sp-berner.com\\\/wp-content\\\/uploads\\\/2023\\\/05\\\/sp-berner-color.svg\",\"width\":344,\"height\":102,\"caption\":\"Sp-Berner\"},\"image\":{\"@id\":\"https:\\\/\\\/sp-berner.com\\\/en\\\/#\\\/schema\\\/logo\\\/image\\\/\"},\"sameAs\":[\"https:\\\/\\\/www.facebook.com\\\/SpBerner\\\/\"]},{\"@type\":\"Person\",\"@id\":\"https:\\\/\\\/sp-berner.com\\\/en\\\/#\\\/schema\\\/person\\\/d82111c2a2e0d35005db18a9910409a3\",\"name\":\"laclave\"}]}<\/script>\n<!-- \/ Yoast SEO plugin. -->","yoast_head_json":{"title":"Commitment to the people who make up Sp-Berner","description":"With our T'Cuidamos program, we continue working to improve every day and make the lives of those who make up Sp-Berner easier.","robots":{"index":"index","follow":"follow","max-snippet":"max-snippet:-1","max-image-preview":"max-image-preview:large","max-video-preview":"max-video-preview:-1"},"canonical":"https:\/\/sp-berner.com\/en\/post\/commitment-to-the-people-who-make-up-sp-berner\/","og_locale":"en_US","og_type":"article","og_title":"Commitment to the people who make up Sp-Berner","og_description":"With our T'Cuidamos program, we continue working to improve every day and make the lives of those who make up Sp-Berner easier.","og_url":"https:\/\/sp-berner.com\/en\/post\/commitment-to-the-people-who-make-up-sp-berner\/","og_site_name":"Sp Berner","article_publisher":"https:\/\/www.facebook.com\/SpBerner\/","article_published_time":"2023-05-02T08:44:00+00:00","article_modified_time":"2023-09-04T07:43:11+00:00","og_image":[{"width":1920,"height":1344,"url":"https:\/\/sp-berner.com\/wp-content\/uploads\/2023\/05\/programa-te-cuidamos.jpg","type":"image\/jpeg"}],"author":"laclave","twitter_card":"summary_large_image","twitter_misc":{"Written by":"laclave","Est. reading time":"2 minutes"},"schema":{"@context":"https:\/\/schema.org","@graph":[{"@type":"Article","@id":"https:\/\/sp-berner.com\/en\/post\/commitment-to-the-people-who-make-up-sp-berner\/#article","isPartOf":{"@id":"https:\/\/sp-berner.com\/en\/post\/commitment-to-the-people-who-make-up-sp-berner\/"},"author":{"name":"laclave","@id":"https:\/\/sp-berner.com\/en\/#\/schema\/person\/d82111c2a2e0d35005db18a9910409a3"},"headline":"T&#8217;Cuidamos Programme: Commitment to the people who make up Sp-Berner","datePublished":"2023-05-02T08:44:00+00:00","dateModified":"2023-09-04T07:43:11+00:00","mainEntityOfPage":{"@id":"https:\/\/sp-berner.com\/en\/post\/commitment-to-the-people-who-make-up-sp-berner\/"},"wordCount":347,"publisher":{"@id":"https:\/\/sp-berner.com\/en\/#organization"},"image":{"@id":"https:\/\/sp-berner.com\/en\/post\/commitment-to-the-people-who-make-up-sp-berner\/#primaryimage"},"thumbnailUrl":"https:\/\/sp-berner.com\/wp-content\/uploads\/2023\/05\/programa-te-cuidamos.jpg","keywords":["destacados"],"articleSection":["Corporate"],"inLanguage":"en-US"},{"@type":"WebPage","@id":"https:\/\/sp-berner.com\/en\/post\/commitment-to-the-people-who-make-up-sp-berner\/","url":"https:\/\/sp-berner.com\/en\/post\/commitment-to-the-people-who-make-up-sp-berner\/","name":"Commitment to the people who make up Sp-Berner","isPartOf":{"@id":"https:\/\/sp-berner.com\/en\/#website"},"primaryImageOfPage":{"@id":"https:\/\/sp-berner.com\/en\/post\/commitment-to-the-people-who-make-up-sp-berner\/#primaryimage"},"image":{"@id":"https:\/\/sp-berner.com\/en\/post\/commitment-to-the-people-who-make-up-sp-berner\/#primaryimage"},"thumbnailUrl":"https:\/\/sp-berner.com\/wp-content\/uploads\/2023\/05\/programa-te-cuidamos.jpg","datePublished":"2023-05-02T08:44:00+00:00","dateModified":"2023-09-04T07:43:11+00:00","description":"With our T'Cuidamos program, we continue working to improve every day and make the lives of those who make up Sp-Berner easier.","breadcrumb":{"@id":"https:\/\/sp-berner.com\/en\/post\/commitment-to-the-people-who-make-up-sp-berner\/#breadcrumb"},"inLanguage":"en-US","potentialAction":[{"@type":"ReadAction","target":["https:\/\/sp-berner.com\/en\/post\/commitment-to-the-people-who-make-up-sp-berner\/"]}]},{"@type":"ImageObject","inLanguage":"en-US","@id":"https:\/\/sp-berner.com\/en\/post\/commitment-to-the-people-who-make-up-sp-berner\/#primaryimage","url":"https:\/\/sp-berner.com\/wp-content\/uploads\/2023\/05\/programa-te-cuidamos.jpg","contentUrl":"https:\/\/sp-berner.com\/wp-content\/uploads\/2023\/05\/programa-te-cuidamos.jpg","width":1920,"height":1344},{"@type":"BreadcrumbList","@id":"https:\/\/sp-berner.com\/en\/post\/commitment-to-the-people-who-make-up-sp-berner\/#breadcrumb","itemListElement":[{"@type":"ListItem","position":1,"name":"Inicio","item":"https:\/\/sp-berner.com\/en\/"},{"@type":"ListItem","position":2,"name":"Corporate","item":"https:\/\/sp-berner.com\/en\/post\/category\/corporate\/"},{"@type":"ListItem","position":3,"name":"T&#8217;Cuidamos Programme: Commitment to the people who make up Sp-Berner"}]},{"@type":"WebSite","@id":"https:\/\/sp-berner.com\/en\/#website","url":"https:\/\/sp-berner.com\/en\/","name":"Sp-Berner","description":"Fabricantes l\u00edderes en la inyecci\u00f3n de pl\u00e1stico sostenible","publisher":{"@id":"https:\/\/sp-berner.com\/en\/#organization"},"alternateName":"Sp Berner","potentialAction":[{"@type":"SearchAction","target":{"@type":"EntryPoint","urlTemplate":"https:\/\/sp-berner.com\/en\/?s={search_term_string}"},"query-input":{"@type":"PropertyValueSpecification","valueRequired":true,"valueName":"search_term_string"}}],"inLanguage":"en-US"},{"@type":"Organization","@id":"https:\/\/sp-berner.com\/en\/#organization","name":"Sp-Berner","url":"https:\/\/sp-berner.com\/en\/","logo":{"@type":"ImageObject","inLanguage":"en-US","@id":"https:\/\/sp-berner.com\/en\/#\/schema\/logo\/image\/","url":"https:\/\/sp-berner.com\/wp-content\/uploads\/2023\/05\/sp-berner-color.svg","contentUrl":"https:\/\/sp-berner.com\/wp-content\/uploads\/2023\/05\/sp-berner-color.svg","width":344,"height":102,"caption":"Sp-Berner"},"image":{"@id":"https:\/\/sp-berner.com\/en\/#\/schema\/logo\/image\/"},"sameAs":["https:\/\/www.facebook.com\/SpBerner\/"]},{"@type":"Person","@id":"https:\/\/sp-berner.com\/en\/#\/schema\/person\/d82111c2a2e0d35005db18a9910409a3","name":"laclave"}]}},"_links":{"self":[{"href":"https:\/\/sp-berner.com\/en\/wp-json\/wp\/v2\/posts\/20615","targetHints":{"allow":["GET"]}}],"collection":[{"href":"https:\/\/sp-berner.com\/en\/wp-json\/wp\/v2\/posts"}],"about":[{"href":"https:\/\/sp-berner.com\/en\/wp-json\/wp\/v2\/types\/post"}],"author":[{"embeddable":true,"href":"https:\/\/sp-berner.com\/en\/wp-json\/wp\/v2\/users\/186"}],"replies":[{"embeddable":true,"href":"https:\/\/sp-berner.com\/en\/wp-json\/wp\/v2\/comments?post=20615"}],"version-history":[{"count":0,"href":"https:\/\/sp-berner.com\/en\/wp-json\/wp\/v2\/posts\/20615\/revisions"}],"wp:featuredmedia":[{"embeddable":true,"href":"https:\/\/sp-berner.com\/en\/wp-json\/wp\/v2\/media\/9965"}],"wp:attachment":[{"href":"https:\/\/sp-berner.com\/en\/wp-json\/wp\/v2\/media?parent=20615"}],"wp:term":[{"taxonomy":"category","embeddable":true,"href":"https:\/\/sp-berner.com\/en\/wp-json\/wp\/v2\/categories?post=20615"},{"taxonomy":"post_tag","embeddable":true,"href":"https:\/\/sp-berner.com\/en\/wp-json\/wp\/v2\/tags?post=20615"}],"curies":[{"name":"wp","href":"https:\/\/api.w.org\/{rel}","templated":true}]}}